{"id":2967,"date":"2020-09-07T21:40:00","date_gmt":"2020-09-07T21:40:00","guid":{"rendered":"https:\/\/dwp-balkan.org\/staging\/?p=2967"},"modified":"2022-06-15T20:08:09","modified_gmt":"2022-06-15T20:08:09","slug":"pogled-prema-proslosti","status":"publish","type":"post","link":"https:\/\/dwp-balkan.org\/staging\/bs\/pogled-prema-proslosti\/","title":{"rendered":"Pogled prema pro\u0161losti"},"content":{"rendered":"<div style=\"margin-top: 0px; margin-bottom: 0px;\" class=\"sharethis-inline-share-buttons\" ><\/div>\n<p>Jedna od najva\u017enijih borbi koje se vode u \u201eigrama mo\u0107i\u201c su borbe za zna\u010denje. Oni koji su u poziciji mo\u0107i, uspeli su ubediti narod koji ih na tim pozicijama dr\u017ei svojim pristankom, da je svet onakav kakvim ga vide mo\u0107nici. Na na\u0161im prostorima, oni \u010desto priznaju da je sada\u0161njost te\u0161ka, ali i da je budu\u0107nost svetla i po mnogo \u010demu izvesna. \u010cini se da su vladavina nad zna\u010denjem koje se pripisuje sada\u0161njosti i monopol na projekciju budu\u0107nosti, najva\u017eniji za odr\u017eanje pozicije mo\u0107i. Ipak, svakome je jasno da ovde nedostaje jedna vremenska referenca \u2013 ona koja ozna\u010dava pro\u0161lost. Borba za zna\u010denjem koje pridajemo pro\u0161losti, zapravo je preduslov za nadmo\u0107 koju uspostavljamo u tuma\u010denju sada\u0161njosti i projekcijama budu\u0107nosti. Jo\u0161 je Milan Kundera pisao da je jedini razlog \u0161to ljudi \u017eele zavladati budu\u0107no\u0161\u0107u, to da bi onda mogli menjati pro\u0161lost. Oni se bore, nastavlja Kundera, za pristup laboratorijama u kojima \u0107e \u201cretu\u0161irati\u201d fotografije i ponovo pisati biografije i istorije\u201d.<\/p>\n\n\n\n<p>Vladavinu nad zna\u010denjem sada\u0161njosti tako, obezbedio je onaj koji vlada pro\u0161lo\u0161\u0107u. Na prostoru biv\u0161e Jugoslavije, od raspada te zemlje naovamo, na pozicijama mo\u0107i ustoli\u010dili su se oni koji su u devedesetim godinama \u201cretu\u0161irali\u201d pro\u0161lost koja se ticala anti-fa\u0161isti\u010dke borbe u Drugom svetskom ratu. Najednom, povampirili su se \u010detnici, usta\u0161e i ostali kolaboranti i fa\u0161isti i po\u010deli govoriti da \u0107e se \u201csvetiti Turcima\u201d ili da su \u201cza dom spremni\u201d i u to ime vr\u0161ili genocide i progone. Va\u017eno je, dakle, nazna\u010diti da se ratovi u biv\u0161oj Jugoslaviji ne mogu razumeti bez razumevanja mo\u0107i koju su narativi o pro\u0161losti pru\u017eili zlo\u010dina\u010dkim politikama. U sada\u0161njem vremenu, situacija je sli\u010dna. Vladavina nad pro\u0161lo\u0161\u0107u, izme\u0111u ostalog i nad onom bli\u017eom iz devedesetih godina, postala je oslonac i glavno legitimacijsko sredstvo mo\u0107i u sada\u0161njem trenutku. U temelje dr\u017eavnosti dana\u0161njih republika, utkane su \u201eretu\u0161irane\u201c fotografije, prepravljene istorije i biografije sa kojih su \u0161mrkom revizionizma i la\u017ei skinute krvave fleke.&nbsp;<\/p>\n\n\n\n<p>Ali u \u010demu je za\u010dkoljica u suo\u010davanju s pro\u0161lo\u0161\u0107u iz devedesetih? Upravo u tome da je ona samo deo \u0161ireg mozaika retu\u0161iranja pro\u0161losti, fotografija i biografija. Zato nam nema uspeha u suo\u010davanju s pro\u0161lo\u0161\u0107u iz devedesetih, ukoliko taj period posmatramo izolovano od malo davnije pro\u0161losti. Ovo ne zato jer je va\u017eno vra\u0107ati se do \u201estolje\u0107a sedmog\u201c ili \u201eKulina bana\u201c da bismo bilo \u0161ta razumeli u dana\u0161njem vremenu, ve\u0107 zato \u0161to su zlo\u010dina\u010dke politike iz devedesetih u direktnoj sprezi sa povampirenjem pro-fa\u0161isti\u010dkih elemenata i prekrajanjem dalje istorije za potrebe motivacije i legitimacije zlo\u010dina iz bli\u017ee istorije. Linija koja je razdvajala fa\u0161izam od anti-fa\u0161izma u \u010detrdesetim, drugim re\u010dima, ista je ona koja postaje relevantna devedesetih i takvom ostaje do dana dana\u0161njeg. Ovo zna\u010di da inicijative za suo\u010davanjem s pro\u0161lo\u0161\u0107u (iz devedesetih), mogu biti u\u010dinkovite i plodotvorne samo u kontekstu razumevanja \u0161ireg politi\u010dkog i istorijskog konteksta u kom su se devedesete godine dogodile, kao i narativa koji su se pokazali u\u010dinkovitim pri izvr\u0161enju, a kasnije i negiranju ili pravdanju zlo\u010dina.<\/p>\n\n\n\n<p>Konkretnije, suo\u010davanje s bliskom pro\u0161lo\u0161\u0107u mogu\u0107e je gotovo isklju\u010divo sa pozicija anti-fa\u0161izma, koji je na ovim prostorima bio samo jedan \u2013 partizanski. Vi\u0161edecenijski napori koji dolaze iz civilnog sektora i sa pozicija ideolo\u0161kog centra, neu\u010dinkoviti su jer poku\u0161avaju istovremeno osuditi devedesete i relativizovati ili potpuno negirati zna\u010daj jugoslovenskog iskustva i Narodno-oslobodila\u010dke borbe. Time se, u najmanju ruku, dolazi do jednog logi\u010dkog paradoksa u kom se osu\u0111uju zlo\u010dina\u010dke politike iz devedesetih sa jedne, ali uz delimi\u010dnu ili potpunu koliziju sa anti-komunisti\u010dkim narativima koji su bili sastavni deo zlo\u010dina\u010dkih politika devedesetih. &nbsp;<\/p>\n\n\n\n<p>Suo\u010davanje s pro\u0161lo\u0161\u0107u na prostoru biv\u0161e Jugoslavije stoga, mo\u017ee biti ili zajedni\u010dko, partizansko i posledi\u010dno anti-fa\u0161isti\u010dko, ili ga ne mo\u017ee biti. Okvir za internacionalno razra\u010dunavanje sa zlo\u010dina\u010dkim politikama, pre svega onim Srbije i Hrvatske \u2013 pa onda i ostalih koje su svoju legitimaciju prona\u0161le u agresiji ova dva glavna \u201enasilnika\u201c, mora po\u0107i od istih onih osnova od kojih je po\u0161la narodno-oslobodila\u010dka borba pre osamdesetak godina. Samo taj okvir mo\u017ee ponuditi su\u0161tinsko razra\u010dunavanje sa krvavim temeljima dr\u017eavnosti dana\u0161njih republika, \u0161to je preduslov za razra\u010dunavanje sa zlo\u010dinima koji su u te dr\u017eavnosti utkane. Tu svakako nema pre\u010dice.<\/p>\n\n\n\n<p>&nbsp;I da ne bude zabune \u2013 ovo nije poziv na \u201evra\u0107anje\u201c. Ovo je poziv da se, kao \u0161to je napisao Boris Buden jednom prilikom, ide napred, se\u0107aju\u0107i se. Zato su pozivi da se \u201egleda u budu\u0107nost\u201c i \u201ene vra\u0107a u pro\u0161lost\u201c potpuno proma\u0161eni, jer kora\u010danje u budu\u0107nost na temeljima ovakve, iskrivljene pro\u0161losti, nije ni\u0161ta drugo do prihvatanje vladavine onih koji su, vladaju\u0107i pro\u0161lo\u0161\u0107u \u2013 osigurali sebi vladavinu i u budu\u0107nosti. Ponekad u \u017eivotu, ali i politici, treba stati, mo\u017eda ba\u0161 onako kao \u0161to je to svojevremeno u\u010dinio Emir Hod\u017ei\u0107 u Prijedoru, kada je po\u010deo stajati sa belom trakom oko ruke kako bi skrenuo pa\u017enju na stradanja nesrba u tom gradu. Mo\u017eda zaista treba re\u0107i da nema dalje, dok svi ne stanemo i ne okrenemo se nazad. Ali treba stati na ramena Sutjeske i Kozare, da bi se bolje videle pozadine svih Oluja, Srebrenica, Batajnica, Vukovara.&nbsp;&nbsp;<\/p>\n\n\n\n<p><strong>Filip Balunovi\u0107<\/strong> je doktorirao na Scuola Normale Superiore u Firenci iz oblasti sociologije i politi\u010dkih nauka. Osnovne studije zavr\u0161io na Fakultetu politi\u010dkih nauka u Beogradu, master iz domena Me\u0111unarodnih odnosa i evropskih studija na Evropskom institutu u Nici i Bilgi unuverzitetu u Istanbulu. Drugi master iz oblasti ljudskih prava i demokratije zavr\u0161io je na univerzitetima u Sarajevu i Bolonji. Kao gostuju\u0107i istra\u017eiva\u010d radio je na univerzitetima u Kopenhagenu i Liverpulu. Autor je studije &#8220;O fenomenima procesa privatizacije u Srbiji&#8221; (Centar za politike emancipacije 2015). Autor je monografije &#8220;Bele\u0161ke sa slobode&#8221; (Mediteran 2014). Izvr\u0161ni je urednik Le Monde Diplomatique Srbija. Predaje na katedri za studije politike na Fakultetu za medije i komunikacije.&nbsp; Trenutno je istra\u017eiva\u010d na CAS SEE (The Center for Advanced Studies \u2013 South East Europe) na Univerzitetu u Rijeci i Institutu za filozofiju i dru\u0161tvenu teoriju u Beogradu.&nbsp;<\/p>\n\n\n\n<p>Foto: Nedeljnik Vreme<\/p>\n","protected":false},"excerpt":{"rendered":"<p>Jedna od najva\u017enijih borbi koje se vode u \u201eigrama mo\u0107i\u201c su borbe za zna\u010denje. Oni koji su u poziciji mo\u0107i, uspeli su ubediti narod koji ih na tim pozicijama dr\u017ei svojim pristankom, da je svet onakav kakvim ga vide mo\u0107nici. Na na\u0161im prostorima, oni \u010desto priznaju da je sada\u0161njost te\u0161ka, ali i da je budu\u0107nost svetla i po mnogo \u010demu [&hellip;]<\/p>\n","protected":false},"author":1,"featured_media":5892,"comment_status":"open","ping_status":"publish","sticky":false,"template":"","format":"standard","meta":{"_acf_changed":false,"_editorskit_title_hidden":false,"_editorskit_reading_time":3,"_editorskit_is_block_options_detached":false,"_editorskit_block_options_position":"{}","footnotes":""},"categories":[54],"tags":[],"class_list":["post-2967","post","type-post","status-publish","format-standard","has-post-thumbnail","hentry","category-blog-bhs"],"acf":[],"yoast_head":"<!-- This site is optimized with the Yoast SEO plugin v27.4 - https:\/\/yoast.com\/product\/yoast-seo-wordpress\/ -->\n<title>Pogled prema pro\u0161losti - DWP-BALKAN<\/title>\n<meta name=\"robots\" content=\"noindex, follow, max-snippet:-1, max-image-preview:large, max-video-preview:-1\" \/>\n<meta property=\"og:locale\" content=\"en_US\" \/>\n<meta property=\"og:type\" content=\"article\" \/>\n<meta property=\"og:title\" content=\"Pogled prema pro\u0161losti - DWP-BALKAN\" \/>\n<meta property=\"og:description\" content=\"Jedna od najva\u017enijih borbi koje se vode u \u201eigrama mo\u0107i\u201c su borbe za zna\u010denje. Oni koji su u poziciji mo\u0107i, uspeli su ubediti narod koji ih na tim pozicijama dr\u017ei svojim pristankom, da je svet onakav kakvim ga vide mo\u0107nici. Na na\u0161im prostorima, oni \u010desto priznaju da je sada\u0161njost te\u0161ka, ali i da je budu\u0107nost svetla i po mnogo \u010demu [&hellip;]\" \/>\n<meta property=\"og:url\" content=\"https:\/\/dwp-balkan.org\/staging\/bs\/pogled-prema-proslosti\/\" \/>\n<meta property=\"og:site_name\" content=\"DWP-BALKAN\" \/>\n<meta property=\"article:published_time\" content=\"2020-09-07T21:40:00+00:00\" \/>\n<meta property=\"article:modified_time\" content=\"2022-06-15T20:08:09+00:00\" \/>\n<meta property=\"og:image\" content=\"https:\/\/dwp-balkan.org\/staging\/wp-content\/uploads\/2020\/09\/foto.jpg\" \/>\n\t<meta property=\"og:image:width\" content=\"495\" \/>\n\t<meta property=\"og:image:height\" content=\"331\" \/>\n\t<meta property=\"og:image:type\" content=\"image\/jpeg\" \/>\n<meta name=\"author\" content=\"DWPBALKAN\" \/>\n<meta name=\"twitter:card\" content=\"summary_large_image\" \/>\n<meta name=\"twitter:label1\" content=\"Written by\" \/>\n\t<meta name=\"twitter:data1\" content=\"DWPBALKAN\" \/>\n\t<meta name=\"twitter:label2\" content=\"Est. reading time\" \/>\n\t<meta name=\"twitter:data2\" content=\"5 minutes\" \/>\n<script type=\"application\/ld+json\" class=\"yoast-schema-graph\">{\"@context\":\"https:\\\/\\\/schema.org\",\"@graph\":[{\"@type\":\"Article\",\"@id\":\"https:\\\/\\\/dwp-balkan.org\\\/staging\\\/bs\\\/pogled-prema-proslosti\\\/#article\",\"isPartOf\":{\"@id\":\"https:\\\/\\\/dwp-balkan.org\\\/staging\\\/bs\\\/pogled-prema-proslosti\\\/\"},\"author\":{\"name\":\"DWPBALKAN\",\"@id\":\"https:\\\/\\\/dwp-balkan.org\\\/staging\\\/#\\\/schema\\\/person\\\/94e01f70a9f8ac0de7af6559b5fc802d\"},\"headline\":\"Pogled prema pro\u0161losti\",\"datePublished\":\"2020-09-07T21:40:00+00:00\",\"dateModified\":\"2022-06-15T20:08:09+00:00\",\"mainEntityOfPage\":{\"@id\":\"https:\\\/\\\/dwp-balkan.org\\\/staging\\\/bs\\\/pogled-prema-proslosti\\\/\"},\"wordCount\":1123,\"commentCount\":0,\"image\":{\"@id\":\"https:\\\/\\\/dwp-balkan.org\\\/staging\\\/bs\\\/pogled-prema-proslosti\\\/#primaryimage\"},\"thumbnailUrl\":\"https:\\\/\\\/dwp-balkan.org\\\/staging\\\/wp-content\\\/uploads\\\/2020\\\/09\\\/foto.jpg\",\"articleSection\":[\"BLOG-BHS\"],\"inLanguage\":\"en-US\",\"potentialAction\":[{\"@type\":\"CommentAction\",\"name\":\"Comment\",\"target\":[\"https:\\\/\\\/dwp-balkan.org\\\/staging\\\/bs\\\/pogled-prema-proslosti\\\/#respond\"]}]},{\"@type\":\"WebPage\",\"@id\":\"https:\\\/\\\/dwp-balkan.org\\\/staging\\\/bs\\\/pogled-prema-proslosti\\\/\",\"url\":\"https:\\\/\\\/dwp-balkan.org\\\/staging\\\/bs\\\/pogled-prema-proslosti\\\/\",\"name\":\"Pogled prema pro\u0161losti - DWP-BALKAN\",\"isPartOf\":{\"@id\":\"https:\\\/\\\/dwp-balkan.org\\\/staging\\\/#website\"},\"primaryImageOfPage\":{\"@id\":\"https:\\\/\\\/dwp-balkan.org\\\/staging\\\/bs\\\/pogled-prema-proslosti\\\/#primaryimage\"},\"image\":{\"@id\":\"https:\\\/\\\/dwp-balkan.org\\\/staging\\\/bs\\\/pogled-prema-proslosti\\\/#primaryimage\"},\"thumbnailUrl\":\"https:\\\/\\\/dwp-balkan.org\\\/staging\\\/wp-content\\\/uploads\\\/2020\\\/09\\\/foto.jpg\",\"datePublished\":\"2020-09-07T21:40:00+00:00\",\"dateModified\":\"2022-06-15T20:08:09+00:00\",\"author\":{\"@id\":\"https:\\\/\\\/dwp-balkan.org\\\/staging\\\/#\\\/schema\\\/person\\\/94e01f70a9f8ac0de7af6559b5fc802d\"},\"breadcrumb\":{\"@id\":\"https:\\\/\\\/dwp-balkan.org\\\/staging\\\/bs\\\/pogled-prema-proslosti\\\/#breadcrumb\"},\"inLanguage\":\"en-US\",\"potentialAction\":[{\"@type\":\"ReadAction\",\"target\":[\"https:\\\/\\\/dwp-balkan.org\\\/staging\\\/bs\\\/pogled-prema-proslosti\\\/\"]}]},{\"@type\":\"ImageObject\",\"inLanguage\":\"en-US\",\"@id\":\"https:\\\/\\\/dwp-balkan.org\\\/staging\\\/bs\\\/pogled-prema-proslosti\\\/#primaryimage\",\"url\":\"https:\\\/\\\/dwp-balkan.org\\\/staging\\\/wp-content\\\/uploads\\\/2020\\\/09\\\/foto.jpg\",\"contentUrl\":\"https:\\\/\\\/dwp-balkan.org\\\/staging\\\/wp-content\\\/uploads\\\/2020\\\/09\\\/foto.jpg\",\"width\":495,\"height\":331,\"caption\":\"Filip Balunovic, foto Milovan Milenkovic\"},{\"@type\":\"BreadcrumbList\",\"@id\":\"https:\\\/\\\/dwp-balkan.org\\\/staging\\\/bs\\\/pogled-prema-proslosti\\\/#breadcrumb\",\"itemListElement\":[{\"@type\":\"ListItem\",\"position\":1,\"name\":\"Home\",\"item\":\"https:\\\/\\\/dwp-balkan.org\\\/staging\\\/\"},{\"@type\":\"ListItem\",\"position\":2,\"name\":\"Pogled prema pro\u0161losti\"}]},{\"@type\":\"WebSite\",\"@id\":\"https:\\\/\\\/dwp-balkan.org\\\/staging\\\/#website\",\"url\":\"https:\\\/\\\/dwp-balkan.org\\\/staging\\\/\",\"name\":\"DWP-BALKAN\",\"description\":\"\",\"potentialAction\":[{\"@type\":\"SearchAction\",\"target\":{\"@type\":\"EntryPoint\",\"urlTemplate\":\"https:\\\/\\\/dwp-balkan.org\\\/staging\\\/?s={search_term_string}\"},\"query-input\":{\"@type\":\"PropertyValueSpecification\",\"valueRequired\":true,\"valueName\":\"search_term_string\"}}],\"inLanguage\":\"en-US\"},{\"@type\":\"Person\",\"@id\":\"https:\\\/\\\/dwp-balkan.org\\\/staging\\\/#\\\/schema\\\/person\\\/94e01f70a9f8ac0de7af6559b5fc802d\",\"name\":\"DWPBALKAN\",\"image\":{\"@type\":\"ImageObject\",\"inLanguage\":\"en-US\",\"@id\":\"https:\\\/\\\/secure.gravatar.com\\\/avatar\\\/860e14507555fe53536d2bd5f0f8121391672605a7c1af4ce2d1ba6ca58de406?s=96&d=mm&r=g\",\"url\":\"https:\\\/\\\/secure.gravatar.com\\\/avatar\\\/860e14507555fe53536d2bd5f0f8121391672605a7c1af4ce2d1ba6ca58de406?s=96&d=mm&r=g\",\"contentUrl\":\"https:\\\/\\\/secure.gravatar.com\\\/avatar\\\/860e14507555fe53536d2bd5f0f8121391672605a7c1af4ce2d1ba6ca58de406?s=96&d=mm&r=g\",\"caption\":\"DWPBALKAN\"},\"url\":\"https:\\\/\\\/dwp-balkan.org\\\/staging\\\/author\\\/dwpbalkan\\\/\"}]}<\/script>\n<!-- \/ Yoast SEO plugin. -->","yoast_head_json":{"title":"Pogled prema pro\u0161losti - DWP-BALKAN","robots":{"index":"noindex","follow":"follow","max-snippet":"max-snippet:-1","max-image-preview":"max-image-preview:large","max-video-preview":"max-video-preview:-1"},"og_locale":"en_US","og_type":"article","og_title":"Pogled prema pro\u0161losti - DWP-BALKAN","og_description":"Jedna od najva\u017enijih borbi koje se vode u \u201eigrama mo\u0107i\u201c su borbe za zna\u010denje. Oni koji su u poziciji mo\u0107i, uspeli su ubediti narod koji ih na tim pozicijama dr\u017ei svojim pristankom, da je svet onakav kakvim ga vide mo\u0107nici. Na na\u0161im prostorima, oni \u010desto priznaju da je sada\u0161njost te\u0161ka, ali i da je budu\u0107nost svetla i po mnogo \u010demu [&hellip;]","og_url":"https:\/\/dwp-balkan.org\/staging\/bs\/pogled-prema-proslosti\/","og_site_name":"DWP-BALKAN","article_published_time":"2020-09-07T21:40:00+00:00","article_modified_time":"2022-06-15T20:08:09+00:00","og_image":[{"width":495,"height":331,"url":"https:\/\/dwp-balkan.org\/staging\/wp-content\/uploads\/2020\/09\/foto.jpg","type":"image\/jpeg"}],"author":"DWPBALKAN","twitter_card":"summary_large_image","twitter_misc":{"Written by":"DWPBALKAN","Est. reading time":"5 minutes"},"schema":{"@context":"https:\/\/schema.org","@graph":[{"@type":"Article","@id":"https:\/\/dwp-balkan.org\/staging\/bs\/pogled-prema-proslosti\/#article","isPartOf":{"@id":"https:\/\/dwp-balkan.org\/staging\/bs\/pogled-prema-proslosti\/"},"author":{"name":"DWPBALKAN","@id":"https:\/\/dwp-balkan.org\/staging\/#\/schema\/person\/94e01f70a9f8ac0de7af6559b5fc802d"},"headline":"Pogled prema pro\u0161losti","datePublished":"2020-09-07T21:40:00+00:00","dateModified":"2022-06-15T20:08:09+00:00","mainEntityOfPage":{"@id":"https:\/\/dwp-balkan.org\/staging\/bs\/pogled-prema-proslosti\/"},"wordCount":1123,"commentCount":0,"image":{"@id":"https:\/\/dwp-balkan.org\/staging\/bs\/pogled-prema-proslosti\/#primaryimage"},"thumbnailUrl":"https:\/\/dwp-balkan.org\/staging\/wp-content\/uploads\/2020\/09\/foto.jpg","articleSection":["BLOG-BHS"],"inLanguage":"en-US","potentialAction":[{"@type":"CommentAction","name":"Comment","target":["https:\/\/dwp-balkan.org\/staging\/bs\/pogled-prema-proslosti\/#respond"]}]},{"@type":"WebPage","@id":"https:\/\/dwp-balkan.org\/staging\/bs\/pogled-prema-proslosti\/","url":"https:\/\/dwp-balkan.org\/staging\/bs\/pogled-prema-proslosti\/","name":"Pogled prema pro\u0161losti - DWP-BALKAN","isPartOf":{"@id":"https:\/\/dwp-balkan.org\/staging\/#website"},"primaryImageOfPage":{"@id":"https:\/\/dwp-balkan.org\/staging\/bs\/pogled-prema-proslosti\/#primaryimage"},"image":{"@id":"https:\/\/dwp-balkan.org\/staging\/bs\/pogled-prema-proslosti\/#primaryimage"},"thumbnailUrl":"https:\/\/dwp-balkan.org\/staging\/wp-content\/uploads\/2020\/09\/foto.jpg","datePublished":"2020-09-07T21:40:00+00:00","dateModified":"2022-06-15T20:08:09+00:00","author":{"@id":"https:\/\/dwp-balkan.org\/staging\/#\/schema\/person\/94e01f70a9f8ac0de7af6559b5fc802d"},"breadcrumb":{"@id":"https:\/\/dwp-balkan.org\/staging\/bs\/pogled-prema-proslosti\/#breadcrumb"},"inLanguage":"en-US","potentialAction":[{"@type":"ReadAction","target":["https:\/\/dwp-balkan.org\/staging\/bs\/pogled-prema-proslosti\/"]}]},{"@type":"ImageObject","inLanguage":"en-US","@id":"https:\/\/dwp-balkan.org\/staging\/bs\/pogled-prema-proslosti\/#primaryimage","url":"https:\/\/dwp-balkan.org\/staging\/wp-content\/uploads\/2020\/09\/foto.jpg","contentUrl":"https:\/\/dwp-balkan.org\/staging\/wp-content\/uploads\/2020\/09\/foto.jpg","width":495,"height":331,"caption":"Filip Balunovic, foto Milovan Milenkovic"},{"@type":"BreadcrumbList","@id":"https:\/\/dwp-balkan.org\/staging\/bs\/pogled-prema-proslosti\/#breadcrumb","itemListElement":[{"@type":"ListItem","position":1,"name":"Home","item":"https:\/\/dwp-balkan.org\/staging\/"},{"@type":"ListItem","position":2,"name":"Pogled prema pro\u0161losti"}]},{"@type":"WebSite","@id":"https:\/\/dwp-balkan.org\/staging\/#website","url":"https:\/\/dwp-balkan.org\/staging\/","name":"DWP-BALKAN","description":"","potentialAction":[{"@type":"SearchAction","target":{"@type":"EntryPoint","urlTemplate":"https:\/\/dwp-balkan.org\/staging\/?s={search_term_string}"},"query-input":{"@type":"PropertyValueSpecification","valueRequired":true,"valueName":"search_term_string"}}],"inLanguage":"en-US"},{"@type":"Person","@id":"https:\/\/dwp-balkan.org\/staging\/#\/schema\/person\/94e01f70a9f8ac0de7af6559b5fc802d","name":"DWPBALKAN","image":{"@type":"ImageObject","inLanguage":"en-US","@id":"https:\/\/secure.gravatar.com\/avatar\/860e14507555fe53536d2bd5f0f8121391672605a7c1af4ce2d1ba6ca58de406?s=96&d=mm&r=g","url":"https:\/\/secure.gravatar.com\/avatar\/860e14507555fe53536d2bd5f0f8121391672605a7c1af4ce2d1ba6ca58de406?s=96&d=mm&r=g","contentUrl":"https:\/\/secure.gravatar.com\/avatar\/860e14507555fe53536d2bd5f0f8121391672605a7c1af4ce2d1ba6ca58de406?s=96&d=mm&r=g","caption":"DWPBALKAN"},"url":"https:\/\/dwp-balkan.org\/staging\/author\/dwpbalkan\/"}]}},"_links":{"self":[{"href":"https:\/\/dwp-balkan.org\/staging\/wp-json\/wp\/v2\/posts\/2967","targetHints":{"allow":["GET"]}}],"collection":[{"href":"https:\/\/dwp-balkan.org\/staging\/wp-json\/wp\/v2\/posts"}],"about":[{"href":"https:\/\/dwp-balkan.org\/staging\/wp-json\/wp\/v2\/types\/post"}],"author":[{"embeddable":true,"href":"https:\/\/dwp-balkan.org\/staging\/wp-json\/wp\/v2\/users\/1"}],"replies":[{"embeddable":true,"href":"https:\/\/dwp-balkan.org\/staging\/wp-json\/wp\/v2\/comments?post=2967"}],"version-history":[{"count":3,"href":"https:\/\/dwp-balkan.org\/staging\/wp-json\/wp\/v2\/posts\/2967\/revisions"}],"predecessor-version":[{"id":5894,"href":"https:\/\/dwp-balkan.org\/staging\/wp-json\/wp\/v2\/posts\/2967\/revisions\/5894"}],"wp:featuredmedia":[{"embeddable":true,"href":"https:\/\/dwp-balkan.org\/staging\/wp-json\/wp\/v2\/media\/5892"}],"wp:attachment":[{"href":"https:\/\/dwp-balkan.org\/staging\/wp-json\/wp\/v2\/media?parent=2967"}],"wp:term":[{"taxonomy":"category","embeddable":true,"href":"https:\/\/dwp-balkan.org\/staging\/wp-json\/wp\/v2\/categories?post=2967"},{"taxonomy":"post_tag","embeddable":true,"href":"https:\/\/dwp-balkan.org\/staging\/wp-json\/wp\/v2\/tags?post=2967"}],"curies":[{"name":"wp","href":"https:\/\/api.w.org\/{rel}","templated":true}]}}