{"id":3869,"date":"2020-12-23T12:44:00","date_gmt":"2020-12-23T12:44:00","guid":{"rendered":"https:\/\/dwp-balkan.org\/staging\/?p=3869"},"modified":"2022-01-13T12:45:21","modified_gmt":"2022-01-13T12:45:21","slug":"ndryshimi-i-teksteve-mesimore-te-historise-parakusht-per-normalizimin-e-marredhenieve","status":"publish","type":"post","link":"https:\/\/dwp-balkan.org\/staging\/sq\/ndryshimi-i-teksteve-mesimore-te-historise-parakusht-per-normalizimin-e-marredhenieve\/","title":{"rendered":"Ndryshimi i teksteve m\u00ebsimore t\u00eb historis\u00eb parakusht p\u00ebr normalizimin e marr\u00ebdh\u00ebnieve"},"content":{"rendered":"<div style=\"margin-top: 0px; margin-bottom: 0px;\" class=\"sharethis-inline-share-buttons\" ><\/div>\n<p>Ky shkrim synon t\u00eb v\u00ebr\u00eb n\u00ebn objektiv qasjen ndaj zhvillimeve n\u00eb Kosov\u00eb n\u00eb harkun gati nj\u00ebshekullor (1912-2000) n\u00ebp\u00ebr tekstet m\u00ebsimore p\u00ebr shkolla fillore e t\u00eb mesme t\u00eb Kosov\u00ebs e t\u00eb Serbis\u00eb, t\u00eb miratuara nga ministrit\u00eb p\u00ebrkat\u00ebse t\u00eb arsimit, me q\u00ebllim q\u00eb t\u00eb krahasoj\u00eb p\u00ebrshkrimet e b\u00ebra n\u00eb k\u00ebto historiografi duke i nxjerr\u00eb ngjashm\u00ebrit\u00eb dhe dallimet mes tyre. N\u00eb k\u00ebt\u00eb shkrim trajtohen disa prej periudhave m\u00eb t\u00eb r\u00ebnd\u00ebsishme t\u00eb historis\u00eb s\u00eb shekullit t\u00eb fundit t\u00eb Kosov\u00ebs, duke v\u00ebn\u00eb n\u00eb pah shp\u00ebrputhjet mes historiografive n\u00eb fjal\u00eb, por edhe falsifikimet p\u00ebrkat\u00ebse t\u00eb cil\u00ebsdo pal\u00eb.<\/p>\n\n\n\n<p>N\u00eb m\u00ebnyr\u00eb t\u00eb t\u00ebrthort\u00eb, ky shkrimi m\u00ebton t\u00eb nxjerr\u00eb n\u00eb pah edhe se \u00e7far\u00eb marr\u00ebdh\u00ebniesh nd\u00ebrfqinj\u00ebsore po u sugjerojn\u00eb n\u00ebp\u00ebrmjet k\u00ebtyre teksteve, qeverit\u00eb e k\u00ebtyre vendeve, brezave q\u00eb po i arsimojn\u00eb. Shkrimi pretendon t\u00eb shpalos\u00eb, n\u00eb m\u00ebnyr\u00eb sa m\u00eb t\u00eb qart\u00eb dhe t\u00eb faktografuar, at\u00eb q\u00eb \u00ebsht\u00eb baza e pretendimeve shpesh kund\u00ebrshtuese nd\u00ebrmjet dy popujve q\u00eb p\u00ebrplasen n\u00eb Kosov\u00eb.<\/p>\n\n\n\n<p>Dallime t\u00eb qarta dhe t\u00eb shumta hetohen n\u00eb qasjen e historiografis\u00eb shkollore t\u00eb Serbis\u00eb dhe t\u00eb Kosov\u00ebs ndaj zhvillimeve n\u00eb territorin e Kosov\u00ebs n\u00eb harkun gati nj\u00ebshekullor (1912-2000). K\u00ebto dallime mund t\u00eb grupohen si m\u00eb posht\u00eb:<\/p>\n\n\n\n<p><strong>Pron\u00ebsia ndaj territorit<\/strong><\/p>\n\n\n\n<p>Dep\u00ebrtimi i ushtris\u00eb serbe n\u00eb territorin e Kosov\u00ebs n\u00eb fund t\u00eb vitit 1912 prezentohet n\u00eb m\u00ebnyra t\u00eb p\u00ebrkund\u00ebrta n\u00eb tekstet e Serbis\u00eb dhe n\u00eb ato t\u00eb Kosov\u00ebs. Kjo meq\u00eb pal\u00ebt pretendojn\u00eb pron\u00ebsin\u00eb ndaj territorit t\u00eb Kosov\u00ebs. M\u00ebnyra se si prezentohet <strong>\u00e7lirimi<\/strong>, p\u00ebrkat\u00ebsisht <strong>okupimi <\/strong>i Kosov\u00ebs, jo vet\u00ebm m\u00eb 1912, por edhe m\u00eb 1918 e 1945, p\u00ebrvijon nacionaliz\u00ebm <strong>ofensiv <\/strong>n\u00eb tekstet e Serbis\u00eb, kurse n\u00eb ato t\u00eb Kosov\u00ebs nacionaliz\u00ebm <strong>defensiv<\/strong>. N\u00eb tekstet e Serbis\u00eb ky dep\u00ebrtim i ushtris\u00eb serbe paraqitet si <strong>\u00e7lirim <\/strong>i djepit t\u00eb shtet\u00ebsis\u00eb s\u00eb Serbis\u00eb, kurse dep\u00ebrtimi n\u00eb Detin Adriatik si plot\u00ebsim i nj\u00ebrit prej q\u00ebllimeve t\u00eb luft\u00ebs. N\u00eb tekstet e Kosov\u00ebs futja e trupave serbe n\u00eb Kosov\u00eb prezentohet si <strong>okupim<\/strong>, i cili thuhet t\u00eb ket\u00eb ardh\u00eb si pasoj\u00eb e pozit\u00ebs s\u00eb v\u00ebshtir\u00eb t\u00eb shqiptar\u00ebve.<\/p>\n\n\n\n<p><strong>Krimet e pal\u00ebs tjet\u00ebr<\/strong><\/p>\n\n\n\n<p>Segmenti m\u00eb i r\u00ebnd\u00ebsish\u00ebm i historis\u00eb s\u00eb Kosov\u00ebs n\u00eb harkun kohor 1912-2000 jan\u00eb krimet e pal\u00ebs serbe, t\u00eb organizuar n\u00eb ushtri e polici t\u00eb rregullt, kund\u00ebr shqiptar\u00ebve; si dhe krimet e pal\u00ebs shqiptare, t\u00eb paorganizuara, individuale, e hakmarr\u00ebse kund\u00ebr serb\u00ebve. Tekstet shkollore t\u00eb k\u00ebtyre pal\u00ebve i prezentojn\u00eb vet\u00ebm krimet e pal\u00ebs tjet\u00ebr, duke e paraqitur veten viktim\u00eb, kurse tjetrin si agresor.<\/p>\n\n\n\n<p>Tekstet e Kosov\u00ebs i paraqesin vet\u00ebm krimet e pal\u00ebs serbe ndaj shqiptar\u00ebve n\u00eb vitet 1912, 1918-1919, pastaj gjat\u00eb periudh\u00ebs mes dy luft\u00ebrave bot\u00ebrore, m\u00eb 1945 dhe mbas LDB-s\u00eb, si dhe gjat\u00eb luft\u00ebs 1998-1999. N\u00eb k\u00ebto tekste k\u00ebto krime kualifikohen si: \u201cveprime terroriste e gjakatare\u201d; \u201cdhun\u00eb e terror shovinist\u201d; \u201cterror e gjenocid shtet\u00ebror\u201d ose \u201cskena t\u00eb llahtarshme t\u00eb barbaris\u00eb s\u00eb eskadroneve gjakatare\u201d. Rrall\u00ebher\u00eb k\u00ebto tekste ofrojn\u00eb t\u00eb dh\u00ebna p\u00ebr t\u2019i kuantifikuar krimet e pal\u00ebs serbe, e edhe kur i ofrojn\u00eb, ato dalin t\u00eb ekzagjeruara.<\/p>\n\n\n\n<p>Tekstet e Serbis\u00eb i paraqesin vet\u00ebm krimet e pal\u00ebs shqiptare ndaj serb\u00ebve n\u00eb vitet 1915, 1941-1943, 1999-2000 duke i kualifikuar si: \u201csulmet e bandave lokale shqiptare\u201d, \u201cterrori i shqiptar\u00ebve ndaj serb\u00ebve\u201d ose \u201cpla\u00e7kitjet dhe konfrontimet e grupeve terroriste shqiptare me forcat e rendit\u201d. K\u00ebto tekste kryesisht nuk japin t\u00eb dh\u00ebna p\u00ebr k\u00ebto krime.<\/p>\n\n\n\n<p><strong>Bashk\u00ebpunimet e heshtura<\/strong><\/p>\n\n\n\n<p>Nd\u00ebrsa dep\u00ebrtimet e ushtris\u00eb serbe n\u00eb Kosov\u00eb dhe krimet e pal\u00ebve prezentohen n\u00eb m\u00ebnyra t\u00eb ndryshme, n\u00eb asnj\u00ebr\u00ebn prej teksteve t\u00eb t\u00eb dyja vendeve nuk prezantohen takimet, marr\u00ebveshjet e bashk\u00ebpunimet e p\u00ebrfaq\u00ebsuesve politik\u00eb e ushtarak\u00eb t\u00eb shqiptar\u00ebve me ata t\u00eb serb\u00ebve. N\u00ebp\u00ebr tekstet e k\u00ebtyre vendeve nuk p\u00ebrmendet askund:<\/p>\n\n\n\n<ul class=\"wp-block-list\"><li>bashk\u00ebpunimi i disa prej lider\u00ebve kryesor\u00eb kryengrit\u00ebs shqiptar\u00eb (1912) me p\u00ebrfaq\u00ebsuesit serb\u00eb n\u00eb Prishtin\u00eb, prej t\u00eb cil\u00ebve marrin edhe arm\u00eb p\u00ebr t\u00eb luftuar kund\u00ebr Perandoris\u00eb Osmane;<\/li><li>takimi i udh\u00ebheq\u00ebsit t\u00eb l\u00ebvizjes ka\u00e7ake t\u00eb shqiptar\u00ebve t\u00eb mbetur n\u00ebn Jugosllavi (mbas Luft\u00ebs s\u00eb Par\u00eb Bot\u00ebrore) me autoritetet lokale serbe p\u00ebr t\u00eb jetuar i patrazuar, me kusht q\u00eb t\u00eb l\u00ebviz\u00eb vet\u00ebm brenda tri fshatrave; m\u00eb pas edhe takimi i tij me zyrtar\u00eb t\u00eb lart\u00eb serb\u00eb, kur k\u00ebrkon q\u00eb Kosova t\u00eb ket\u00eb t\u00eb drejt\u00eb p\u00ebr vet\u00ebqeverisje;<\/li><li>bashk\u00ebpunimi i Shoqat\u00ebs p\u00ebr t\u00eb Drejt\u00ebn p\u00ebr Mbrojtjen e Islamit (mbas Luft\u00ebs s\u00eb Par\u00eb Bot\u00ebrore), e cila p\u00ebrfaq\u00ebsonte shqiptar\u00ebt n\u00eb parlamentin serb, me dy partit\u00eb kryesore politike serbe n\u00eb Jugosllavi demokrat\u00ebt dhe radikal\u00ebt sa ndonj\u00ebher\u00eb edhe e ndante t\u00eb nj\u00ebjt\u00ebn list\u00eb elektorale me k\u00ebto parti politike;<\/li><li>bashk\u00ebpunimi i ngusht\u00eb i komunist\u00ebve shqiptar\u00eb t\u00eb Kosov\u00ebs (gjat\u00eb dhe mbas Luft\u00ebs s\u00eb Dyt\u00eb Bot\u00ebrore) me komunist\u00ebt serbo-jugosllav\u00eb; ose pjes\u00ebmarrja dhe aplaudimi i tyre n\u00eb kuvendin ku vendoset q\u00eb Kosova t\u00eb jet\u00eb pjes\u00eb e Serbis\u00eb federale;<\/li><li>marr\u00ebveshja e udh\u00ebheq\u00ebsit t\u00eb rezistenc\u00ebs paq\u00ebsore t\u00eb shqiptar\u00ebve t\u00eb Kosov\u00ebs (1996) me presidentin serb p\u00ebr lirimin e objekteve shkollore e universitare p\u00ebr shqiptar\u00ebt n\u00eb Kosov\u00eb; m\u00eb pas edhe takimi mes tyre p\u00ebr gjetjen e nj\u00eb zgjidhjeje paq\u00ebsore p\u00ebr Kosov\u00ebn (1998).<\/li><\/ul>\n\n\n\n<p>Pra, pretendimi p\u00ebr pron\u00ebsi ndaj territorit t\u00eb Kosov\u00ebs; prezantimi vet\u00ebm i krimeve t\u00eb pal\u00ebs tjet\u00ebr, duke e nxjerr\u00eb veten viktim\u00eb kundrejt tjetrit agresor; si dhe heshtja e bashk\u00ebpunimeve, takimeve e marr\u00ebveshjeve shqiptaro-serbe, tregojn\u00eb se pal\u00ebt nuk e mbjellin tek brezat e rinj frym\u00ebn e pajtimit. P\u00ebr t\u00eb patur pajtim mes dy popujve duhet t\u2019i kemi parasysh tri gj\u00ebra q\u00eb i sugjeron filozofi fr\u00ebng Pol Rik\u00ebr, kur flet p\u00ebr rrug\u00ebt e afrimit t\u00eb popujve t\u00eb ndrysh\u00ebm: njohja e kulturave t\u00eb nj\u00ebri-tjetrit, rivler\u00ebsimi me sy kritik i historis\u00eb s\u00eb nj\u00ebri-tjetrit, si dhe falja e m\u00ebkateve ndaj nj\u00ebri-tjetrit.<\/p>\n\n\n\n<p>Prandaj, na duhet nj\u00eb rivler\u00ebsim me sy kritik i historis\u00eb s\u00eb marr\u00ebdh\u00ebnieve shqiptaro-serbe, sidomos gjat\u00eb shekullit t\u00eb kaluar, konkretisht te segmenti m\u00eb i r\u00ebnd\u00eb i k\u00ebtyre marr\u00ebdh\u00ebnieve n\u00eb harkun kohor 1878-1999, e q\u00eb jan\u00eb: krimet e pal\u00ebs serbe kund\u00ebr shqiptar\u00ebve, t\u00eb kryera nga ushtria e policia e rregullt serbe; dhe krimet e pal\u00ebs shqiptare kund\u00ebr serb\u00ebve, t\u00eb paorganizuara, individuale, hakmarr\u00ebse, e p\u00ebr rrjedhoj\u00eb edhe statistikisht dhjet\u00ebra her\u00eb m\u00eb t\u00eb pakta.<\/p>\n\n\n\n<p><strong>Shk\u00eblzen Gashi<\/strong> ka studiuar Shkenca Politike pran\u00eb Universitetit t\u00eb Prishtin\u00ebs dhe Demokraci dhe t\u00eb Drejta t\u00eb Njeriut n\u00eb kuad\u00ebr t\u00eb programit t\u00eb p\u00ebrbashk\u00ebt studimor t\u00eb Universiteteve t\u00eb Bolonj\u00ebs dhe Sarajev\u00ebs p\u00ebr grad\u00ebn master. Ai \u00ebsht\u00eb autor I publikimeve t\u00eb shumta (libra dhe artikuj). N\u00eb vitin 2010, ai ka publikuar biografin\u00eb e paautorizuar t\u00eb Adem Dema\u00e7it (gjendet n\u00eb anglisht). Dema\u00e7i ka kaluar 28 vite n\u00ebp\u00ebr burgjet jugosllave. Rishtazi, ai ka botuar shum\u00eb artikuj p\u00ebr paraqitjen e historis\u00eb s\u00eb Kosov\u00ebs n\u00eb tekstet shkollore n\u00eb Kosov\u00eb, Shqip\u00ebri, Serbi, Mal t\u00eb Zi dhe Maqedoni t\u00eb Veriut. Ai \u00ebsht\u00eb duke shkruar biografin\u00eb e Ibrahim Rugov\u00ebs, udh\u00ebheq\u00ebsit t\u00eb shqiptar\u00ebve t\u00eb Kosov\u00ebs n\u00eb vitet 1989\u20132006.<\/p>\n","protected":false},"excerpt":{"rendered":"<p>Ky shkrim synon t\u00eb v\u00ebr\u00eb n\u00ebn objektiv qasjen ndaj zhvillimeve n\u00eb Kosov\u00eb n\u00eb harkun gati nj\u00ebshekullor (1912-2000) n\u00ebp\u00ebr tekstet m\u00ebsimore p\u00ebr shkolla fillore e t\u00eb mesme t\u00eb Kosov\u00ebs e t\u00eb Serbis\u00eb, t\u00eb miratuara nga ministrit\u00eb p\u00ebrkat\u00ebse t\u00eb arsimit, me q\u00ebllim q\u00eb t\u00eb krahasoj\u00eb p\u00ebrshkrimet e b\u00ebra n\u00eb k\u00ebto historiografi duke i nxjerr\u00eb ngjashm\u00ebrit\u00eb dhe dallimet mes tyre. N\u00eb k\u00ebt\u00eb shkrim [&hellip;]<\/p>\n","protected":false},"author":1,"featured_media":2830,"comment_status":"open","ping_status":"open","sticky":false,"template":"","format":"standard","meta":{"_acf_changed":false,"_editorskit_title_hidden":false,"_editorskit_reading_time":0,"_editorskit_is_block_options_detached":false,"_editorskit_block_options_position":"{}","footnotes":""},"categories":[814],"tags":[],"class_list":["post-3869","post","type-post","status-publish","format-standard","has-post-thumbnail","hentry","category-balkan-perspectives-15-alb"],"acf":[],"yoast_head":"<!-- This site is optimized with the Yoast SEO plugin v27.4 - https:\/\/yoast.com\/product\/yoast-seo-wordpress\/ -->\n<title>Ndryshimi i teksteve m\u00ebsimore t\u00eb historis\u00eb parakusht p\u00ebr normalizimin e marr\u00ebdh\u00ebnieve - DWP-BALKAN<\/title>\n<meta name=\"robots\" content=\"noindex, follow, max-snippet:-1, max-image-preview:large, max-video-preview:-1\" \/>\n<meta property=\"og:locale\" content=\"en_US\" \/>\n<meta property=\"og:type\" content=\"article\" \/>\n<meta property=\"og:title\" content=\"Ndryshimi i teksteve m\u00ebsimore t\u00eb historis\u00eb parakusht p\u00ebr normalizimin e marr\u00ebdh\u00ebnieve - DWP-BALKAN\" \/>\n<meta property=\"og:description\" content=\"Ky shkrim synon t\u00eb v\u00ebr\u00eb n\u00ebn objektiv qasjen ndaj zhvillimeve n\u00eb Kosov\u00eb n\u00eb harkun gati nj\u00ebshekullor (1912-2000) n\u00ebp\u00ebr tekstet m\u00ebsimore p\u00ebr shkolla fillore e t\u00eb mesme t\u00eb Kosov\u00ebs e t\u00eb Serbis\u00eb, t\u00eb miratuara nga ministrit\u00eb p\u00ebrkat\u00ebse t\u00eb arsimit, me q\u00ebllim q\u00eb t\u00eb krahasoj\u00eb p\u00ebrshkrimet e b\u00ebra n\u00eb k\u00ebto historiografi duke i nxjerr\u00eb ngjashm\u00ebrit\u00eb dhe dallimet mes tyre. N\u00eb k\u00ebt\u00eb shkrim [&hellip;]\" \/>\n<meta property=\"og:url\" content=\"https:\/\/dwp-balkan.org\/staging\/sq\/ndryshimi-i-teksteve-mesimore-te-historise-parakusht-per-normalizimin-e-marredhenieve\/\" \/>\n<meta property=\"og:site_name\" content=\"DWP-BALKAN\" \/>\n<meta property=\"article:published_time\" content=\"2020-12-23T12:44:00+00:00\" \/>\n<meta property=\"article:modified_time\" content=\"2022-01-13T12:45:21+00:00\" \/>\n<meta property=\"og:image\" content=\"https:\/\/dwp-balkan.org\/staging\/wp-content\/uploads\/2021\/12\/SHKELZEN-GASHI.jpg\" \/>\n\t<meta property=\"og:image:width\" content=\"800\" \/>\n\t<meta property=\"og:image:height\" content=\"471\" \/>\n\t<meta property=\"og:image:type\" content=\"image\/jpeg\" \/>\n<meta name=\"author\" content=\"DWPBALKAN\" \/>\n<meta name=\"twitter:card\" content=\"summary_large_image\" \/>\n<meta name=\"twitter:label1\" content=\"Written by\" \/>\n\t<meta name=\"twitter:data1\" content=\"DWPBALKAN\" \/>\n\t<meta name=\"twitter:label2\" content=\"Est. reading time\" \/>\n\t<meta name=\"twitter:data2\" content=\"5 minutes\" \/>\n<script type=\"application\/ld+json\" class=\"yoast-schema-graph\">{\"@context\":\"https:\\\/\\\/schema.org\",\"@graph\":[{\"@type\":\"Article\",\"@id\":\"https:\\\/\\\/dwp-balkan.org\\\/staging\\\/sq\\\/ndryshimi-i-teksteve-mesimore-te-historise-parakusht-per-normalizimin-e-marredhenieve\\\/#article\",\"isPartOf\":{\"@id\":\"https:\\\/\\\/dwp-balkan.org\\\/staging\\\/sq\\\/ndryshimi-i-teksteve-mesimore-te-historise-parakusht-per-normalizimin-e-marredhenieve\\\/\"},\"author\":{\"name\":\"DWPBALKAN\",\"@id\":\"https:\\\/\\\/dwp-balkan.org\\\/staging\\\/#\\\/schema\\\/person\\\/94e01f70a9f8ac0de7af6559b5fc802d\"},\"headline\":\"Ndryshimi i teksteve m\u00ebsimore t\u00eb historis\u00eb parakusht p\u00ebr normalizimin e marr\u00ebdh\u00ebnieve\",\"datePublished\":\"2020-12-23T12:44:00+00:00\",\"dateModified\":\"2022-01-13T12:45:21+00:00\",\"mainEntityOfPage\":{\"@id\":\"https:\\\/\\\/dwp-balkan.org\\\/staging\\\/sq\\\/ndryshimi-i-teksteve-mesimore-te-historise-parakusht-per-normalizimin-e-marredhenieve\\\/\"},\"wordCount\":1302,\"commentCount\":0,\"image\":{\"@id\":\"https:\\\/\\\/dwp-balkan.org\\\/staging\\\/sq\\\/ndryshimi-i-teksteve-mesimore-te-historise-parakusht-per-normalizimin-e-marredhenieve\\\/#primaryimage\"},\"thumbnailUrl\":\"https:\\\/\\\/dwp-balkan.org\\\/staging\\\/wp-content\\\/uploads\\\/2021\\\/12\\\/SHKELZEN-GASHI.jpg\",\"articleSection\":[\"Balkan.Perspectives #15 - ALB\"],\"inLanguage\":\"en-US\",\"potentialAction\":[{\"@type\":\"CommentAction\",\"name\":\"Comment\",\"target\":[\"https:\\\/\\\/dwp-balkan.org\\\/staging\\\/sq\\\/ndryshimi-i-teksteve-mesimore-te-historise-parakusht-per-normalizimin-e-marredhenieve\\\/#respond\"]}]},{\"@type\":\"WebPage\",\"@id\":\"https:\\\/\\\/dwp-balkan.org\\\/staging\\\/sq\\\/ndryshimi-i-teksteve-mesimore-te-historise-parakusht-per-normalizimin-e-marredhenieve\\\/\",\"url\":\"https:\\\/\\\/dwp-balkan.org\\\/staging\\\/sq\\\/ndryshimi-i-teksteve-mesimore-te-historise-parakusht-per-normalizimin-e-marredhenieve\\\/\",\"name\":\"Ndryshimi i teksteve m\u00ebsimore t\u00eb historis\u00eb parakusht p\u00ebr normalizimin e marr\u00ebdh\u00ebnieve - DWP-BALKAN\",\"isPartOf\":{\"@id\":\"https:\\\/\\\/dwp-balkan.org\\\/staging\\\/#website\"},\"primaryImageOfPage\":{\"@id\":\"https:\\\/\\\/dwp-balkan.org\\\/staging\\\/sq\\\/ndryshimi-i-teksteve-mesimore-te-historise-parakusht-per-normalizimin-e-marredhenieve\\\/#primaryimage\"},\"image\":{\"@id\":\"https:\\\/\\\/dwp-balkan.org\\\/staging\\\/sq\\\/ndryshimi-i-teksteve-mesimore-te-historise-parakusht-per-normalizimin-e-marredhenieve\\\/#primaryimage\"},\"thumbnailUrl\":\"https:\\\/\\\/dwp-balkan.org\\\/staging\\\/wp-content\\\/uploads\\\/2021\\\/12\\\/SHKELZEN-GASHI.jpg\",\"datePublished\":\"2020-12-23T12:44:00+00:00\",\"dateModified\":\"2022-01-13T12:45:21+00:00\",\"author\":{\"@id\":\"https:\\\/\\\/dwp-balkan.org\\\/staging\\\/#\\\/schema\\\/person\\\/94e01f70a9f8ac0de7af6559b5fc802d\"},\"breadcrumb\":{\"@id\":\"https:\\\/\\\/dwp-balkan.org\\\/staging\\\/sq\\\/ndryshimi-i-teksteve-mesimore-te-historise-parakusht-per-normalizimin-e-marredhenieve\\\/#breadcrumb\"},\"inLanguage\":\"en-US\",\"potentialAction\":[{\"@type\":\"ReadAction\",\"target\":[\"https:\\\/\\\/dwp-balkan.org\\\/staging\\\/sq\\\/ndryshimi-i-teksteve-mesimore-te-historise-parakusht-per-normalizimin-e-marredhenieve\\\/\"]}]},{\"@type\":\"ImageObject\",\"inLanguage\":\"en-US\",\"@id\":\"https:\\\/\\\/dwp-balkan.org\\\/staging\\\/sq\\\/ndryshimi-i-teksteve-mesimore-te-historise-parakusht-per-normalizimin-e-marredhenieve\\\/#primaryimage\",\"url\":\"https:\\\/\\\/dwp-balkan.org\\\/staging\\\/wp-content\\\/uploads\\\/2021\\\/12\\\/SHKELZEN-GASHI.jpg\",\"contentUrl\":\"https:\\\/\\\/dwp-balkan.org\\\/staging\\\/wp-content\\\/uploads\\\/2021\\\/12\\\/SHKELZEN-GASHI.jpg\",\"width\":800,\"height\":471},{\"@type\":\"BreadcrumbList\",\"@id\":\"https:\\\/\\\/dwp-balkan.org\\\/staging\\\/sq\\\/ndryshimi-i-teksteve-mesimore-te-historise-parakusht-per-normalizimin-e-marredhenieve\\\/#breadcrumb\",\"itemListElement\":[{\"@type\":\"ListItem\",\"position\":1,\"name\":\"Home\",\"item\":\"https:\\\/\\\/dwp-balkan.org\\\/staging\\\/\"},{\"@type\":\"ListItem\",\"position\":2,\"name\":\"Ndryshimi i teksteve m\u00ebsimore t\u00eb historis\u00eb parakusht p\u00ebr normalizimin e marr\u00ebdh\u00ebnieve\"}]},{\"@type\":\"WebSite\",\"@id\":\"https:\\\/\\\/dwp-balkan.org\\\/staging\\\/#website\",\"url\":\"https:\\\/\\\/dwp-balkan.org\\\/staging\\\/\",\"name\":\"DWP-BALKAN\",\"description\":\"\",\"potentialAction\":[{\"@type\":\"SearchAction\",\"target\":{\"@type\":\"EntryPoint\",\"urlTemplate\":\"https:\\\/\\\/dwp-balkan.org\\\/staging\\\/?s={search_term_string}\"},\"query-input\":{\"@type\":\"PropertyValueSpecification\",\"valueRequired\":true,\"valueName\":\"search_term_string\"}}],\"inLanguage\":\"en-US\"},{\"@type\":\"Person\",\"@id\":\"https:\\\/\\\/dwp-balkan.org\\\/staging\\\/#\\\/schema\\\/person\\\/94e01f70a9f8ac0de7af6559b5fc802d\",\"name\":\"DWPBALKAN\",\"image\":{\"@type\":\"ImageObject\",\"inLanguage\":\"en-US\",\"@id\":\"https:\\\/\\\/secure.gravatar.com\\\/avatar\\\/860e14507555fe53536d2bd5f0f8121391672605a7c1af4ce2d1ba6ca58de406?s=96&d=mm&r=g\",\"url\":\"https:\\\/\\\/secure.gravatar.com\\\/avatar\\\/860e14507555fe53536d2bd5f0f8121391672605a7c1af4ce2d1ba6ca58de406?s=96&d=mm&r=g\",\"contentUrl\":\"https:\\\/\\\/secure.gravatar.com\\\/avatar\\\/860e14507555fe53536d2bd5f0f8121391672605a7c1af4ce2d1ba6ca58de406?s=96&d=mm&r=g\",\"caption\":\"DWPBALKAN\"},\"url\":\"https:\\\/\\\/dwp-balkan.org\\\/staging\\\/author\\\/dwpbalkan\\\/\"}]}<\/script>\n<!-- \/ Yoast SEO plugin. -->","yoast_head_json":{"title":"Ndryshimi i teksteve m\u00ebsimore t\u00eb historis\u00eb parakusht p\u00ebr normalizimin e marr\u00ebdh\u00ebnieve - DWP-BALKAN","robots":{"index":"noindex","follow":"follow","max-snippet":"max-snippet:-1","max-image-preview":"max-image-preview:large","max-video-preview":"max-video-preview:-1"},"og_locale":"en_US","og_type":"article","og_title":"Ndryshimi i teksteve m\u00ebsimore t\u00eb historis\u00eb parakusht p\u00ebr normalizimin e marr\u00ebdh\u00ebnieve - DWP-BALKAN","og_description":"Ky shkrim synon t\u00eb v\u00ebr\u00eb n\u00ebn objektiv qasjen ndaj zhvillimeve n\u00eb Kosov\u00eb n\u00eb harkun gati nj\u00ebshekullor (1912-2000) n\u00ebp\u00ebr tekstet m\u00ebsimore p\u00ebr shkolla fillore e t\u00eb mesme t\u00eb Kosov\u00ebs e t\u00eb Serbis\u00eb, t\u00eb miratuara nga ministrit\u00eb p\u00ebrkat\u00ebse t\u00eb arsimit, me q\u00ebllim q\u00eb t\u00eb krahasoj\u00eb p\u00ebrshkrimet e b\u00ebra n\u00eb k\u00ebto historiografi duke i nxjerr\u00eb ngjashm\u00ebrit\u00eb dhe dallimet mes tyre. N\u00eb k\u00ebt\u00eb shkrim [&hellip;]","og_url":"https:\/\/dwp-balkan.org\/staging\/sq\/ndryshimi-i-teksteve-mesimore-te-historise-parakusht-per-normalizimin-e-marredhenieve\/","og_site_name":"DWP-BALKAN","article_published_time":"2020-12-23T12:44:00+00:00","article_modified_time":"2022-01-13T12:45:21+00:00","og_image":[{"width":800,"height":471,"url":"https:\/\/dwp-balkan.org\/staging\/wp-content\/uploads\/2021\/12\/SHKELZEN-GASHI.jpg","type":"image\/jpeg"}],"author":"DWPBALKAN","twitter_card":"summary_large_image","twitter_misc":{"Written by":"DWPBALKAN","Est. reading time":"5 minutes"},"schema":{"@context":"https:\/\/schema.org","@graph":[{"@type":"Article","@id":"https:\/\/dwp-balkan.org\/staging\/sq\/ndryshimi-i-teksteve-mesimore-te-historise-parakusht-per-normalizimin-e-marredhenieve\/#article","isPartOf":{"@id":"https:\/\/dwp-balkan.org\/staging\/sq\/ndryshimi-i-teksteve-mesimore-te-historise-parakusht-per-normalizimin-e-marredhenieve\/"},"author":{"name":"DWPBALKAN","@id":"https:\/\/dwp-balkan.org\/staging\/#\/schema\/person\/94e01f70a9f8ac0de7af6559b5fc802d"},"headline":"Ndryshimi i teksteve m\u00ebsimore t\u00eb historis\u00eb parakusht p\u00ebr normalizimin e marr\u00ebdh\u00ebnieve","datePublished":"2020-12-23T12:44:00+00:00","dateModified":"2022-01-13T12:45:21+00:00","mainEntityOfPage":{"@id":"https:\/\/dwp-balkan.org\/staging\/sq\/ndryshimi-i-teksteve-mesimore-te-historise-parakusht-per-normalizimin-e-marredhenieve\/"},"wordCount":1302,"commentCount":0,"image":{"@id":"https:\/\/dwp-balkan.org\/staging\/sq\/ndryshimi-i-teksteve-mesimore-te-historise-parakusht-per-normalizimin-e-marredhenieve\/#primaryimage"},"thumbnailUrl":"https:\/\/dwp-balkan.org\/staging\/wp-content\/uploads\/2021\/12\/SHKELZEN-GASHI.jpg","articleSection":["Balkan.Perspectives #15 - ALB"],"inLanguage":"en-US","potentialAction":[{"@type":"CommentAction","name":"Comment","target":["https:\/\/dwp-balkan.org\/staging\/sq\/ndryshimi-i-teksteve-mesimore-te-historise-parakusht-per-normalizimin-e-marredhenieve\/#respond"]}]},{"@type":"WebPage","@id":"https:\/\/dwp-balkan.org\/staging\/sq\/ndryshimi-i-teksteve-mesimore-te-historise-parakusht-per-normalizimin-e-marredhenieve\/","url":"https:\/\/dwp-balkan.org\/staging\/sq\/ndryshimi-i-teksteve-mesimore-te-historise-parakusht-per-normalizimin-e-marredhenieve\/","name":"Ndryshimi i teksteve m\u00ebsimore t\u00eb historis\u00eb parakusht p\u00ebr normalizimin e marr\u00ebdh\u00ebnieve - DWP-BALKAN","isPartOf":{"@id":"https:\/\/dwp-balkan.org\/staging\/#website"},"primaryImageOfPage":{"@id":"https:\/\/dwp-balkan.org\/staging\/sq\/ndryshimi-i-teksteve-mesimore-te-historise-parakusht-per-normalizimin-e-marredhenieve\/#primaryimage"},"image":{"@id":"https:\/\/dwp-balkan.org\/staging\/sq\/ndryshimi-i-teksteve-mesimore-te-historise-parakusht-per-normalizimin-e-marredhenieve\/#primaryimage"},"thumbnailUrl":"https:\/\/dwp-balkan.org\/staging\/wp-content\/uploads\/2021\/12\/SHKELZEN-GASHI.jpg","datePublished":"2020-12-23T12:44:00+00:00","dateModified":"2022-01-13T12:45:21+00:00","author":{"@id":"https:\/\/dwp-balkan.org\/staging\/#\/schema\/person\/94e01f70a9f8ac0de7af6559b5fc802d"},"breadcrumb":{"@id":"https:\/\/dwp-balkan.org\/staging\/sq\/ndryshimi-i-teksteve-mesimore-te-historise-parakusht-per-normalizimin-e-marredhenieve\/#breadcrumb"},"inLanguage":"en-US","potentialAction":[{"@type":"ReadAction","target":["https:\/\/dwp-balkan.org\/staging\/sq\/ndryshimi-i-teksteve-mesimore-te-historise-parakusht-per-normalizimin-e-marredhenieve\/"]}]},{"@type":"ImageObject","inLanguage":"en-US","@id":"https:\/\/dwp-balkan.org\/staging\/sq\/ndryshimi-i-teksteve-mesimore-te-historise-parakusht-per-normalizimin-e-marredhenieve\/#primaryimage","url":"https:\/\/dwp-balkan.org\/staging\/wp-content\/uploads\/2021\/12\/SHKELZEN-GASHI.jpg","contentUrl":"https:\/\/dwp-balkan.org\/staging\/wp-content\/uploads\/2021\/12\/SHKELZEN-GASHI.jpg","width":800,"height":471},{"@type":"BreadcrumbList","@id":"https:\/\/dwp-balkan.org\/staging\/sq\/ndryshimi-i-teksteve-mesimore-te-historise-parakusht-per-normalizimin-e-marredhenieve\/#breadcrumb","itemListElement":[{"@type":"ListItem","position":1,"name":"Home","item":"https:\/\/dwp-balkan.org\/staging\/"},{"@type":"ListItem","position":2,"name":"Ndryshimi i teksteve m\u00ebsimore t\u00eb historis\u00eb parakusht p\u00ebr normalizimin e marr\u00ebdh\u00ebnieve"}]},{"@type":"WebSite","@id":"https:\/\/dwp-balkan.org\/staging\/#website","url":"https:\/\/dwp-balkan.org\/staging\/","name":"DWP-BALKAN","description":"","potentialAction":[{"@type":"SearchAction","target":{"@type":"EntryPoint","urlTemplate":"https:\/\/dwp-balkan.org\/staging\/?s={search_term_string}"},"query-input":{"@type":"PropertyValueSpecification","valueRequired":true,"valueName":"search_term_string"}}],"inLanguage":"en-US"},{"@type":"Person","@id":"https:\/\/dwp-balkan.org\/staging\/#\/schema\/person\/94e01f70a9f8ac0de7af6559b5fc802d","name":"DWPBALKAN","image":{"@type":"ImageObject","inLanguage":"en-US","@id":"https:\/\/secure.gravatar.com\/avatar\/860e14507555fe53536d2bd5f0f8121391672605a7c1af4ce2d1ba6ca58de406?s=96&d=mm&r=g","url":"https:\/\/secure.gravatar.com\/avatar\/860e14507555fe53536d2bd5f0f8121391672605a7c1af4ce2d1ba6ca58de406?s=96&d=mm&r=g","contentUrl":"https:\/\/secure.gravatar.com\/avatar\/860e14507555fe53536d2bd5f0f8121391672605a7c1af4ce2d1ba6ca58de406?s=96&d=mm&r=g","caption":"DWPBALKAN"},"url":"https:\/\/dwp-balkan.org\/staging\/author\/dwpbalkan\/"}]}},"_links":{"self":[{"href":"https:\/\/dwp-balkan.org\/staging\/wp-json\/wp\/v2\/posts\/3869","targetHints":{"allow":["GET"]}}],"collection":[{"href":"https:\/\/dwp-balkan.org\/staging\/wp-json\/wp\/v2\/posts"}],"about":[{"href":"https:\/\/dwp-balkan.org\/staging\/wp-json\/wp\/v2\/types\/post"}],"author":[{"embeddable":true,"href":"https:\/\/dwp-balkan.org\/staging\/wp-json\/wp\/v2\/users\/1"}],"replies":[{"embeddable":true,"href":"https:\/\/dwp-balkan.org\/staging\/wp-json\/wp\/v2\/comments?post=3869"}],"version-history":[{"count":1,"href":"https:\/\/dwp-balkan.org\/staging\/wp-json\/wp\/v2\/posts\/3869\/revisions"}],"predecessor-version":[{"id":3870,"href":"https:\/\/dwp-balkan.org\/staging\/wp-json\/wp\/v2\/posts\/3869\/revisions\/3870"}],"wp:featuredmedia":[{"embeddable":true,"href":"https:\/\/dwp-balkan.org\/staging\/wp-json\/wp\/v2\/media\/2830"}],"wp:attachment":[{"href":"https:\/\/dwp-balkan.org\/staging\/wp-json\/wp\/v2\/media?parent=3869"}],"wp:term":[{"taxonomy":"category","embeddable":true,"href":"https:\/\/dwp-balkan.org\/staging\/wp-json\/wp\/v2\/categories?post=3869"},{"taxonomy":"post_tag","embeddable":true,"href":"https:\/\/dwp-balkan.org\/staging\/wp-json\/wp\/v2\/tags?post=3869"}],"curies":[{"name":"wp","href":"https:\/\/api.w.org\/{rel}","templated":true}]}}