{"id":5074,"date":"2020-09-09T20:17:00","date_gmt":"2020-09-09T20:17:00","guid":{"rendered":"https:\/\/dwp-balkan.org\/staging\/?p=5074"},"modified":"2022-05-29T20:27:05","modified_gmt":"2022-05-29T20:27:05","slug":"omarska-efemerna-komemoracija","status":"publish","type":"post","link":"https:\/\/dwp-balkan.org\/staging\/bs\/omarska-efemerna-komemoracija\/","title":{"rendered":"Omarska: efemerna komemoracija"},"content":{"rendered":"<div style=\"margin-top: 0px; margin-bottom: 0px;\" class=\"sharethis-inline-share-buttons\" ><\/div>\n<p>U poslijeratnim zajednicama se nerijetko pojavljuju remetila\u010dke ideologije, poput etnonacionalisti\u010dkih te\u017enji vladaju\u0107e politi\u010dke elite u Bosni i Hercegovini, koje osporavaju kolektivnu dru\u0161tvenu tendenciju ka pomirenju s pro\u0161lo\u0161\u0107u te podsti\u010du proces daljnje podjele i homogenizacije u dru\u0161tvu u kojem djeluju. Savr\u0161en primjer toga je i vi\u0161e nego o\u010dit u regiji Prijedora, gdje kr\u0161enje ljudskih prava obilje\u017eava svakodnevnu stvarnost lokalne zajednice jo\u0161 od rata iz devedesetih godina pro\u0161log vijeka. O\u010digledno je da je dru\u0161tveni narativ u Prijedoru ostao isklju\u010div i nasilan, jer se ideologija samo transformirala iz one o masovnim ubistvima, mu\u010denjima i deportacijama u ideologiju poricanja pro\u0161losti i li\u0161avanja prava \u017ertava na dostojanstvo i sje\u0107anje. Posljedice ovih ideologija odra\u017eavaju se u svakodnevnoj bolesti zajednice na ra\u010dun koje se provode i \u010diji napredak ometaju, te adekvatna terapija mora biti podjednako remetila\u010dka prema tim ideologijama i bolesti koju one uzrokuju u svakodnevnom \u017eivotu dru\u0161tva i bilo koje jedinke tog dru\u0161tva.<\/p>\n\n\n\n<p>Za razliku od zapadnih filozofija koje besmrtnost interpretiraju kao fizi\u010dku ili duhovnu trajnost, te na taj na\u010din koncept besmrtnosti manifestuju u fizi\u010dko polje, isto\u010dnja\u010dke filozofije besmrtnost poimaju kao cikli\u010dan proces prestanka i ponovnog nastanka postojanja u fizi\u010dkom smislu. Sli\u010dna je i priroda ispoljavanja istine o doga\u0111ajima u Omarskoj devedesetih godina, aspekt njene postojanosti se zasad ogleda kroz neadekvatno, ali istrajno periodi\u010dno komemoriranje.&nbsp;<\/p>\n\n\n\n<p>Za primjer na\u010dina na koji neka ideja mo\u017ee opstati treba uzeti prilagodljivost politi\u010dkih ideologija koje osporavanjem pro\u0161losti oblikuju kolektivnu percepciju sada\u0161njosti u Prijedoru i primijeniti istu metodologiju u svrhu o\u010duvanja memorije na zlo\u010dine koje pomenute ideologije pori\u010du. Ako vlasti u Prijedoru mogu skrnaviti informaciju zapisanu u vremenu i privatizirati popri\u0161te nehumanih zlo\u010dina\u010dkih \u010dinova s ciljem brze zarade, zata\u0161kavanja istine i iskrivljivanja historije, onda i aktivisti\u010dke dru\u0161tvene struje trebaju izna\u0107i adekvatan na\u010din da se protiv toga bore. U slu\u010daju memorijalizacije patnje \u017ertava zlo\u010dina po\u010dinjenih u logoru Omarska<a href=\"https:\/\/dwp-balkan.org\/staging\/old_public_html\/bh\/blog_one.php?cat_id=8&amp;text_id=267&amp;type=1#_ftn1\"><sup>[1]<\/sup><\/a>, lijek za remetila\u010dke politike posredstvom kojih se dru\u0161tvu uskra\u0107uje pravo na primjereno obilje\u017eavanje historije mogao bi le\u017eati u izgradnji privremenih instalacija koje bi slu\u017eile kao efemerni (privremeni) spomenik ili remetila\u010dka kritika usmjerena ka politi\u010dkim i kapitalisti\u010dkim elitama koje \u017ertvama i dru\u0161tvu op\u0107enito negiraju pravo na pomirenje s pro\u0161lo\u0161\u0107u, jer pravilna primjena efemernih instalacija kao privremenih medija ispoljavanja sloboda nije podlo\u017ena konvencionalnoj kategorizaciji, a tako\u0111er mo\u017ee korjenito uticati na dru\u0161tvenu percepciju prostora, vremena i iskustva. Budu\u0107i da je izgradnja memorijala na lokaciji rudnika u Omarskoj koji je privatizovan od strane kompanije ArcelorMittal, svjetskog magnata rudarstva i proizvodnje \u010delika, obustavljena i radi stavova vlasti u Prijedoru koje osporavaju kategorizaciju kampa u Omarskoj kao koncentracionog logora<a href=\"https:\/\/dwp-balkan.org\/staging\/old_public_html\/bh\/blog_one.php?cat_id=8&amp;text_id=267&amp;type=1#_ftn2\"><sup>[2]<\/sup><\/a>kao jedna od mogu\u0107ih metoda stimulacije dostojanstvene komemoracije \u017ertava logora se name\u0107e izgradnja transportabilnih prefabrikovanih prostornih elemenata koji bi slu\u017eili kao privremene instalacije kojima bi se oplemenio proces komemoracije te naglasila va\u017enost tog procesa.<\/p>\n\n\n\n<p>Efemerna arhitektura se \u010desto zapostavlja kao medij ispoljavanja \u201cduha mjesta\u201d, uglavnom iz razloga \u0161to je arhitektura generalno shva\u0107ena kao oli\u010denje trajnosti, a naro\u010dito spomeni\u010dka arhitektura koja treba da ovjekovje\u010di memoriju mjesta na kojem je izgra\u0111ena. Me\u0111utim, uzev\u0161i u obzir dru\u0161tveno-politi\u010dke prilike koje uslovljavaju i osporavaju proces memorijalizacije stradanja u Omarskoj, prolazna arhitektura mo\u017ee poslu\u017eiti u svrhu politi\u010dkog aktivizma kojim bi se stvorio pritisak na vlasti da se izgradi adekvatan memorijalni kompleks. Uprkos tome \u0161to bi ove instalacije namijenjene komemoraciji bile u periodi\u010dnoj upotrebi, tek u vrlo kratkim vremenskim intervalima tokom godine, njihova primjena bi predstavljala medijaciju izme\u0111u neadekvatnog, ali istrajnog komemoriranja i te\u017enje ka neizbje\u017enoj promjeni na\u010dina na koji se u Omarskoj komemorira. Efemerne (privremene) instalacije bi zasigurno udahnule funkcionalni i estetski kvalitet trenutka odavanja su\u0107uti, a redovito kori\u0161tenje istih pri procesu komemoracije bi u su\u0161tini odra\u017eavalo neupitnu potrebu zajednice za prihvatanjem pro\u0161losti. Kako je kori\u0161tenje rudnika za sprovo\u0111enje nepojmljivih zlodjela obilje\u017eilo Omarsku kao mjesto stradanja, tako bi i primjena instalacija naglasila promjenjivost prirode tog prostora, te bi stoga, kao dinami\u010dki otisak te\u017enje ka o\u010duvanju memorije mjesta i vremena, zasigurno pospje\u0161ila dru\u0161tvenu inicijativu za izgradnju trajnog memorijalnog kompleksa na lokaciji rudnika.<\/p>\n\n\n\n<p>Izgradnja privremenih instalacija mo\u017ee da bude participatorni edukativni proces u koji se mogu uklju\u010diti razne subkulture jednog dru\u0161tva, poput djece, studenata, umjetnika, itd., na na\u010din da se vi\u0161e razli\u010ditih specifi\u010dnih skupina unutar dru\u0161tvenog sistema uklju\u010di u realizaciju projekta kroz organizovanje radionica pri kojima bi se proizvele transportabilne prostorne instalacije, paviljoni ili druge vrste urbanog mobilijara. Efekt memorijalizacije kojeg efemerne instalacije induciraju se formulira na na\u010din da se prefabrikovani individualni prostorni elementi dizajniraju kao dijelovi prilago\u0111eni urbanom okviru prostorne cjeline u kojoj se odvija komemoracija, tako \u0161to svaki pojedini element ispunjava svoju vlastitu funkciju koja je integralni dio zajedni\u010dke funkcije memorijalnog kompleksa. Najprikladnija metoda proizvodnje prostornih elemenata za ovako uokviren na\u010din efemernog funkcionisanja memorijalizacije je prefabrikacija, pri \u010demu se stavlja naglasak na modularnu prirodu elemenata koji se oblikuju u kontroliranom okru\u017eenju, a zatim se s lako\u0107om transportuju i instaliraju na mjesto privremene komemoracije \u010dime se minimizira vrijeme provedeno pri stvaranju \u201cprivremenog memorijalnog kompleksa\u201d. Raspar\u010davanje prostorne cjeline na prostorne elemente pri ovakvoj konceptualizaciji memorijala je tako osmi\u0161ljeno da bi se privremeni, krnji oblik komemoriranja u Omarskoj, koji je sveden na jedan dan u toku godine, oplemenio u pogledu prostornih sadr\u017eaja, \u0161to bi uticalo na o\u010duvanje kulturolo\u0161kog zna\u010daja komemoracije i dodatno ukazivalo na neprikladnost takve tradicije i potrebu za primjenom trajnog rje\u0161enja. Dakle, te efemerne prostorne instalacije bi bile jedinstveni instrumenti memorijaliziranja koji bi bili uobli\u010deni u cjelinu koja odra\u017eava su\u0161tinu memorijalizacije, bez obzira na njenu neadekvatnost u datom obliku, a tako\u0111er bi bile osmi\u0161ljene tako da ih je jednostavno dekonstruisati, transportovati i ponovo upotrijebiti.<\/p>\n\n\n\n<p>Ovakva vrsta memorijaliziranja podsje\u0107a na predavanje gdje u\u010ditelj kredom na tablu ispisuje teze koje u\u010denici treba da zapamte, pri \u010demu je u\u010ditelju omogu\u0107eno kori\u0161tenje raznobojnih kreda kako bi naglasio zna\u010daj informacije, za razliku od dosada\u0161njeg na\u010dina pisanja kada je mogao koristiti jedino bijelu kredu da bi premostio me\u0111ugeneracijski jaz spoznaje i po\u0161tovanja informacija koje oblikuju istinu.<\/p>\n\n\n\n<p>Istinsku emancipaciju memorijalizacije u Omarskoj je te\u0161ko, ali nu\u017eno posti\u0107i. Neupitna je \u010dinjenica da je trenutni oblik komemoriranja, kojeg karkaterizira \u201cpisanje, brisanje i ponovno pisanje\u201d informacije u vremenskim intervalima cikli\u010dne prirode, potrebno preto\u010diti u memorijalni kompleks koji bi trajno integrisao istinu o pro\u0161losti u prostor i vrijeme, ali do trenutka dok to ne postane realna mogu\u0107nost treba da se u najmanju ruku oplemeni na\u010din na koji se postojana komemoracija odvija pri \u010demu bi se primjenjivali prostorni instrumenti koji bi omogu\u0107ili da te\u017enja ka pomirenju s pro\u0161lo\u0161\u0107u na funkcionalan i estetski na\u010din odra\u017eava pro\u0161lost mjesta koja je individualnog i intimnog lokalnog karaktera, ali nosi poruku koja je od regionalnog i globalnog zna\u010daja.<\/p>\n\n\n\n<p><strong>Dino Jozi\u0107<\/strong> je biv\u0161i glavni urednik, trenutni urednik i autor za studentski \u010dasopis \u201eTristotrojka\u201c. Apsolvent je na Arhitektonskom fakultetu u Sarajevu, a studirao je i na Politehni\u010dkom univerzitetu u Poznanu i na Politehni\u010dkom univerzitetu u Bariju. Njegova su djela i istra\u017eivanja usredoto\u010dena na odnos izme\u0111u dru\u0161tvenog, izgra\u0111enog i prirodnog okru\u017eenja te na ideologije i metodologije koje oblikuju ta polja.<\/p>\n\n\n\n<hr class=\"wp-block-separator has-alpha-channel-opacity\"\/>\n\n\n\n<p><a href=\"https:\/\/dwp-balkan.org\/staging\/old_public_html\/bh\/blog_one.php?cat_id=8&amp;text_id=267&amp;type=1#_ftnref1\"><sup>[1]<\/sup><\/a> Vi\u0161e u presudi ICTY u slu\u010daju Du\u0161ko Tadi\u0107:&nbsp; <a href=\"https:\/\/www.icty.org\/x\/cases\/tadic\/tjug\/en\/tad-tsj70507JT2-e.pdf\">https:\/\/www.icty.org\/x\/cases\/tadic\/tjug\/en\/tad-tsj70507JT2-e.pdf<\/a><\/p>\n\n\n\n<p><a href=\"https:\/\/dwp-balkan.org\/staging\/old_public_html\/bh\/blog_one.php?cat_id=8&amp;text_id=267&amp;type=1#_ftnref2\"><sup>[2]<\/sup><\/a> Vi\u0161e u \u010dlanku: <a href=\"https:\/\/academic.oup.com\/ijtj\/article-abstract\/9\/1\/170\/678030\">https:\/\/academic.oup.com\/ijtj\/article-abstract\/9\/1\/170\/678030<\/a><\/p>\n","protected":false},"excerpt":{"rendered":"<p>U poslijeratnim zajednicama se nerijetko pojavljuju remetila\u010dke ideologije, poput etnonacionalisti\u010dkih te\u017enji vladaju\u0107e politi\u010dke elite u Bosni i Hercegovini, koje osporavaju kolektivnu dru\u0161tvenu tendenciju ka pomirenju s pro\u0161lo\u0161\u0107u te podsti\u010du proces daljnje podjele i homogenizacije u dru\u0161tvu u kojem djeluju. Savr\u0161en primjer toga je i vi\u0161e nego o\u010dit u regiji Prijedora, gdje kr\u0161enje ljudskih prava obilje\u017eava svakodnevnu stvarnost lokalne zajednice jo\u0161 [&hellip;]<\/p>\n","protected":false},"author":8,"featured_media":5076,"comment_status":"closed","ping_status":"open","sticky":false,"template":"","format":"standard","meta":{"_acf_changed":false,"_editorskit_title_hidden":false,"_editorskit_reading_time":4,"_editorskit_is_block_options_detached":false,"_editorskit_block_options_position":"{}","footnotes":""},"categories":[54],"tags":[],"class_list":["post-5074","post","type-post","status-publish","format-standard","has-post-thumbnail","hentry","category-blog-bhs"],"acf":[],"yoast_head":"<!-- This site is optimized with the Yoast SEO plugin v27.4 - https:\/\/yoast.com\/product\/yoast-seo-wordpress\/ -->\n<title>Omarska: efemerna komemoracija - DWP-BALKAN<\/title>\n<meta name=\"robots\" content=\"noindex, follow, max-snippet:-1, max-image-preview:large, max-video-preview:-1\" \/>\n<meta property=\"og:locale\" content=\"en_US\" \/>\n<meta property=\"og:type\" content=\"article\" \/>\n<meta property=\"og:title\" content=\"Omarska: efemerna komemoracija - DWP-BALKAN\" \/>\n<meta property=\"og:description\" content=\"U poslijeratnim zajednicama se nerijetko pojavljuju remetila\u010dke ideologije, poput etnonacionalisti\u010dkih te\u017enji vladaju\u0107e politi\u010dke elite u Bosni i Hercegovini, koje osporavaju kolektivnu dru\u0161tvenu tendenciju ka pomirenju s pro\u0161lo\u0161\u0107u te podsti\u010du proces daljnje podjele i homogenizacije u dru\u0161tvu u kojem djeluju. Savr\u0161en primjer toga je i vi\u0161e nego o\u010dit u regiji Prijedora, gdje kr\u0161enje ljudskih prava obilje\u017eava svakodnevnu stvarnost lokalne zajednice jo\u0161 [&hellip;]\" \/>\n<meta property=\"og:url\" content=\"https:\/\/dwp-balkan.org\/staging\/bs\/omarska-efemerna-komemoracija\/\" \/>\n<meta property=\"og:site_name\" content=\"DWP-BALKAN\" \/>\n<meta property=\"article:published_time\" content=\"2020-09-09T20:17:00+00:00\" \/>\n<meta property=\"article:modified_time\" content=\"2022-05-29T20:27:05+00:00\" \/>\n<meta property=\"og:image\" content=\"https:\/\/dwp-balkan.org\/staging\/wp-content\/uploads\/2022\/05\/Dino-Jozic.jpg\" \/>\n\t<meta property=\"og:image:width\" content=\"587\" \/>\n\t<meta property=\"og:image:height\" content=\"304\" \/>\n\t<meta property=\"og:image:type\" content=\"image\/jpeg\" \/>\n<meta name=\"author\" content=\"Sunita Bosnjakovic\" \/>\n<meta name=\"twitter:card\" content=\"summary_large_image\" \/>\n<meta name=\"twitter:label1\" content=\"Written by\" \/>\n\t<meta name=\"twitter:data1\" content=\"Sunita Bosnjakovic\" \/>\n\t<meta name=\"twitter:label2\" content=\"Est. reading time\" \/>\n\t<meta name=\"twitter:data2\" content=\"5 minutes\" \/>\n<script type=\"application\/ld+json\" class=\"yoast-schema-graph\">{\"@context\":\"https:\\\/\\\/schema.org\",\"@graph\":[{\"@type\":\"Article\",\"@id\":\"https:\\\/\\\/dwp-balkan.org\\\/staging\\\/bs\\\/omarska-efemerna-komemoracija\\\/#article\",\"isPartOf\":{\"@id\":\"https:\\\/\\\/dwp-balkan.org\\\/staging\\\/bs\\\/omarska-efemerna-komemoracija\\\/\"},\"author\":{\"name\":\"Sunita Bosnjakovic\",\"@id\":\"https:\\\/\\\/dwp-balkan.org\\\/staging\\\/#\\\/schema\\\/person\\\/f08a443f3e961375d7d1058ca3157c3d\"},\"headline\":\"Omarska: efemerna komemoracija\",\"datePublished\":\"2020-09-09T20:17:00+00:00\",\"dateModified\":\"2022-05-29T20:27:05+00:00\",\"mainEntityOfPage\":{\"@id\":\"https:\\\/\\\/dwp-balkan.org\\\/staging\\\/bs\\\/omarska-efemerna-komemoracija\\\/\"},\"wordCount\":1323,\"image\":{\"@id\":\"https:\\\/\\\/dwp-balkan.org\\\/staging\\\/bs\\\/omarska-efemerna-komemoracija\\\/#primaryimage\"},\"thumbnailUrl\":\"https:\\\/\\\/dwp-balkan.org\\\/staging\\\/wp-content\\\/uploads\\\/2022\\\/05\\\/Dino-Jozic.jpg\",\"articleSection\":[\"BLOG-BHS\"],\"inLanguage\":\"en-US\"},{\"@type\":\"WebPage\",\"@id\":\"https:\\\/\\\/dwp-balkan.org\\\/staging\\\/bs\\\/omarska-efemerna-komemoracija\\\/\",\"url\":\"https:\\\/\\\/dwp-balkan.org\\\/staging\\\/bs\\\/omarska-efemerna-komemoracija\\\/\",\"name\":\"Omarska: efemerna komemoracija - DWP-BALKAN\",\"isPartOf\":{\"@id\":\"https:\\\/\\\/dwp-balkan.org\\\/staging\\\/#website\"},\"primaryImageOfPage\":{\"@id\":\"https:\\\/\\\/dwp-balkan.org\\\/staging\\\/bs\\\/omarska-efemerna-komemoracija\\\/#primaryimage\"},\"image\":{\"@id\":\"https:\\\/\\\/dwp-balkan.org\\\/staging\\\/bs\\\/omarska-efemerna-komemoracija\\\/#primaryimage\"},\"thumbnailUrl\":\"https:\\\/\\\/dwp-balkan.org\\\/staging\\\/wp-content\\\/uploads\\\/2022\\\/05\\\/Dino-Jozic.jpg\",\"datePublished\":\"2020-09-09T20:17:00+00:00\",\"dateModified\":\"2022-05-29T20:27:05+00:00\",\"author\":{\"@id\":\"https:\\\/\\\/dwp-balkan.org\\\/staging\\\/#\\\/schema\\\/person\\\/f08a443f3e961375d7d1058ca3157c3d\"},\"breadcrumb\":{\"@id\":\"https:\\\/\\\/dwp-balkan.org\\\/staging\\\/bs\\\/omarska-efemerna-komemoracija\\\/#breadcrumb\"},\"inLanguage\":\"en-US\",\"potentialAction\":[{\"@type\":\"ReadAction\",\"target\":[\"https:\\\/\\\/dwp-balkan.org\\\/staging\\\/bs\\\/omarska-efemerna-komemoracija\\\/\"]}]},{\"@type\":\"ImageObject\",\"inLanguage\":\"en-US\",\"@id\":\"https:\\\/\\\/dwp-balkan.org\\\/staging\\\/bs\\\/omarska-efemerna-komemoracija\\\/#primaryimage\",\"url\":\"https:\\\/\\\/dwp-balkan.org\\\/staging\\\/wp-content\\\/uploads\\\/2022\\\/05\\\/Dino-Jozic.jpg\",\"contentUrl\":\"https:\\\/\\\/dwp-balkan.org\\\/staging\\\/wp-content\\\/uploads\\\/2022\\\/05\\\/Dino-Jozic.jpg\",\"width\":587,\"height\":304},{\"@type\":\"BreadcrumbList\",\"@id\":\"https:\\\/\\\/dwp-balkan.org\\\/staging\\\/bs\\\/omarska-efemerna-komemoracija\\\/#breadcrumb\",\"itemListElement\":[{\"@type\":\"ListItem\",\"position\":1,\"name\":\"Home\",\"item\":\"https:\\\/\\\/dwp-balkan.org\\\/staging\\\/\"},{\"@type\":\"ListItem\",\"position\":2,\"name\":\"Omarska: efemerna komemoracija\"}]},{\"@type\":\"WebSite\",\"@id\":\"https:\\\/\\\/dwp-balkan.org\\\/staging\\\/#website\",\"url\":\"https:\\\/\\\/dwp-balkan.org\\\/staging\\\/\",\"name\":\"DWP-BALKAN\",\"description\":\"\",\"potentialAction\":[{\"@type\":\"SearchAction\",\"target\":{\"@type\":\"EntryPoint\",\"urlTemplate\":\"https:\\\/\\\/dwp-balkan.org\\\/staging\\\/?s={search_term_string}\"},\"query-input\":{\"@type\":\"PropertyValueSpecification\",\"valueRequired\":true,\"valueName\":\"search_term_string\"}}],\"inLanguage\":\"en-US\"},{\"@type\":\"Person\",\"@id\":\"https:\\\/\\\/dwp-balkan.org\\\/staging\\\/#\\\/schema\\\/person\\\/f08a443f3e961375d7d1058ca3157c3d\",\"name\":\"Sunita Bosnjakovic\",\"image\":{\"@type\":\"ImageObject\",\"inLanguage\":\"en-US\",\"@id\":\"https:\\\/\\\/secure.gravatar.com\\\/avatar\\\/1423df5d0150a6d48f510bcea07b951d5bba8ed59b012cf95d0d67d320b791f9?s=96&d=mm&r=g\",\"url\":\"https:\\\/\\\/secure.gravatar.com\\\/avatar\\\/1423df5d0150a6d48f510bcea07b951d5bba8ed59b012cf95d0d67d320b791f9?s=96&d=mm&r=g\",\"contentUrl\":\"https:\\\/\\\/secure.gravatar.com\\\/avatar\\\/1423df5d0150a6d48f510bcea07b951d5bba8ed59b012cf95d0d67d320b791f9?s=96&d=mm&r=g\",\"caption\":\"Sunita Bosnjakovic\"},\"url\":\"https:\\\/\\\/dwp-balkan.org\\\/staging\\\/author\\\/bosnjakovic\\\/\"}]}<\/script>\n<!-- \/ Yoast SEO plugin. -->","yoast_head_json":{"title":"Omarska: efemerna komemoracija - DWP-BALKAN","robots":{"index":"noindex","follow":"follow","max-snippet":"max-snippet:-1","max-image-preview":"max-image-preview:large","max-video-preview":"max-video-preview:-1"},"og_locale":"en_US","og_type":"article","og_title":"Omarska: efemerna komemoracija - DWP-BALKAN","og_description":"U poslijeratnim zajednicama se nerijetko pojavljuju remetila\u010dke ideologije, poput etnonacionalisti\u010dkih te\u017enji vladaju\u0107e politi\u010dke elite u Bosni i Hercegovini, koje osporavaju kolektivnu dru\u0161tvenu tendenciju ka pomirenju s pro\u0161lo\u0161\u0107u te podsti\u010du proces daljnje podjele i homogenizacije u dru\u0161tvu u kojem djeluju. Savr\u0161en primjer toga je i vi\u0161e nego o\u010dit u regiji Prijedora, gdje kr\u0161enje ljudskih prava obilje\u017eava svakodnevnu stvarnost lokalne zajednice jo\u0161 [&hellip;]","og_url":"https:\/\/dwp-balkan.org\/staging\/bs\/omarska-efemerna-komemoracija\/","og_site_name":"DWP-BALKAN","article_published_time":"2020-09-09T20:17:00+00:00","article_modified_time":"2022-05-29T20:27:05+00:00","og_image":[{"width":587,"height":304,"url":"https:\/\/dwp-balkan.org\/staging\/wp-content\/uploads\/2022\/05\/Dino-Jozic.jpg","type":"image\/jpeg"}],"author":"Sunita Bosnjakovic","twitter_card":"summary_large_image","twitter_misc":{"Written by":"Sunita Bosnjakovic","Est. reading time":"5 minutes"},"schema":{"@context":"https:\/\/schema.org","@graph":[{"@type":"Article","@id":"https:\/\/dwp-balkan.org\/staging\/bs\/omarska-efemerna-komemoracija\/#article","isPartOf":{"@id":"https:\/\/dwp-balkan.org\/staging\/bs\/omarska-efemerna-komemoracija\/"},"author":{"name":"Sunita Bosnjakovic","@id":"https:\/\/dwp-balkan.org\/staging\/#\/schema\/person\/f08a443f3e961375d7d1058ca3157c3d"},"headline":"Omarska: efemerna komemoracija","datePublished":"2020-09-09T20:17:00+00:00","dateModified":"2022-05-29T20:27:05+00:00","mainEntityOfPage":{"@id":"https:\/\/dwp-balkan.org\/staging\/bs\/omarska-efemerna-komemoracija\/"},"wordCount":1323,"image":{"@id":"https:\/\/dwp-balkan.org\/staging\/bs\/omarska-efemerna-komemoracija\/#primaryimage"},"thumbnailUrl":"https:\/\/dwp-balkan.org\/staging\/wp-content\/uploads\/2022\/05\/Dino-Jozic.jpg","articleSection":["BLOG-BHS"],"inLanguage":"en-US"},{"@type":"WebPage","@id":"https:\/\/dwp-balkan.org\/staging\/bs\/omarska-efemerna-komemoracija\/","url":"https:\/\/dwp-balkan.org\/staging\/bs\/omarska-efemerna-komemoracija\/","name":"Omarska: efemerna komemoracija - DWP-BALKAN","isPartOf":{"@id":"https:\/\/dwp-balkan.org\/staging\/#website"},"primaryImageOfPage":{"@id":"https:\/\/dwp-balkan.org\/staging\/bs\/omarska-efemerna-komemoracija\/#primaryimage"},"image":{"@id":"https:\/\/dwp-balkan.org\/staging\/bs\/omarska-efemerna-komemoracija\/#primaryimage"},"thumbnailUrl":"https:\/\/dwp-balkan.org\/staging\/wp-content\/uploads\/2022\/05\/Dino-Jozic.jpg","datePublished":"2020-09-09T20:17:00+00:00","dateModified":"2022-05-29T20:27:05+00:00","author":{"@id":"https:\/\/dwp-balkan.org\/staging\/#\/schema\/person\/f08a443f3e961375d7d1058ca3157c3d"},"breadcrumb":{"@id":"https:\/\/dwp-balkan.org\/staging\/bs\/omarska-efemerna-komemoracija\/#breadcrumb"},"inLanguage":"en-US","potentialAction":[{"@type":"ReadAction","target":["https:\/\/dwp-balkan.org\/staging\/bs\/omarska-efemerna-komemoracija\/"]}]},{"@type":"ImageObject","inLanguage":"en-US","@id":"https:\/\/dwp-balkan.org\/staging\/bs\/omarska-efemerna-komemoracija\/#primaryimage","url":"https:\/\/dwp-balkan.org\/staging\/wp-content\/uploads\/2022\/05\/Dino-Jozic.jpg","contentUrl":"https:\/\/dwp-balkan.org\/staging\/wp-content\/uploads\/2022\/05\/Dino-Jozic.jpg","width":587,"height":304},{"@type":"BreadcrumbList","@id":"https:\/\/dwp-balkan.org\/staging\/bs\/omarska-efemerna-komemoracija\/#breadcrumb","itemListElement":[{"@type":"ListItem","position":1,"name":"Home","item":"https:\/\/dwp-balkan.org\/staging\/"},{"@type":"ListItem","position":2,"name":"Omarska: efemerna komemoracija"}]},{"@type":"WebSite","@id":"https:\/\/dwp-balkan.org\/staging\/#website","url":"https:\/\/dwp-balkan.org\/staging\/","name":"DWP-BALKAN","description":"","potentialAction":[{"@type":"SearchAction","target":{"@type":"EntryPoint","urlTemplate":"https:\/\/dwp-balkan.org\/staging\/?s={search_term_string}"},"query-input":{"@type":"PropertyValueSpecification","valueRequired":true,"valueName":"search_term_string"}}],"inLanguage":"en-US"},{"@type":"Person","@id":"https:\/\/dwp-balkan.org\/staging\/#\/schema\/person\/f08a443f3e961375d7d1058ca3157c3d","name":"Sunita Bosnjakovic","image":{"@type":"ImageObject","inLanguage":"en-US","@id":"https:\/\/secure.gravatar.com\/avatar\/1423df5d0150a6d48f510bcea07b951d5bba8ed59b012cf95d0d67d320b791f9?s=96&d=mm&r=g","url":"https:\/\/secure.gravatar.com\/avatar\/1423df5d0150a6d48f510bcea07b951d5bba8ed59b012cf95d0d67d320b791f9?s=96&d=mm&r=g","contentUrl":"https:\/\/secure.gravatar.com\/avatar\/1423df5d0150a6d48f510bcea07b951d5bba8ed59b012cf95d0d67d320b791f9?s=96&d=mm&r=g","caption":"Sunita Bosnjakovic"},"url":"https:\/\/dwp-balkan.org\/staging\/author\/bosnjakovic\/"}]}},"_links":{"self":[{"href":"https:\/\/dwp-balkan.org\/staging\/wp-json\/wp\/v2\/posts\/5074","targetHints":{"allow":["GET"]}}],"collection":[{"href":"https:\/\/dwp-balkan.org\/staging\/wp-json\/wp\/v2\/posts"}],"about":[{"href":"https:\/\/dwp-balkan.org\/staging\/wp-json\/wp\/v2\/types\/post"}],"author":[{"embeddable":true,"href":"https:\/\/dwp-balkan.org\/staging\/wp-json\/wp\/v2\/users\/8"}],"replies":[{"embeddable":true,"href":"https:\/\/dwp-balkan.org\/staging\/wp-json\/wp\/v2\/comments?post=5074"}],"version-history":[{"count":4,"href":"https:\/\/dwp-balkan.org\/staging\/wp-json\/wp\/v2\/posts\/5074\/revisions"}],"predecessor-version":[{"id":5084,"href":"https:\/\/dwp-balkan.org\/staging\/wp-json\/wp\/v2\/posts\/5074\/revisions\/5084"}],"wp:featuredmedia":[{"embeddable":true,"href":"https:\/\/dwp-balkan.org\/staging\/wp-json\/wp\/v2\/media\/5076"}],"wp:attachment":[{"href":"https:\/\/dwp-balkan.org\/staging\/wp-json\/wp\/v2\/media?parent=5074"}],"wp:term":[{"taxonomy":"category","embeddable":true,"href":"https:\/\/dwp-balkan.org\/staging\/wp-json\/wp\/v2\/categories?post=5074"},{"taxonomy":"post_tag","embeddable":true,"href":"https:\/\/dwp-balkan.org\/staging\/wp-json\/wp\/v2\/tags?post=5074"}],"curies":[{"name":"wp","href":"https:\/\/api.w.org\/{rel}","templated":true}]}}