{"id":7459,"date":"2022-12-23T08:35:07","date_gmt":"2022-12-23T08:35:07","guid":{"rendered":"https:\/\/dwp-balkan.org\/staging\/?p=7459"},"modified":"2022-12-23T08:35:18","modified_gmt":"2022-12-23T08:35:18","slug":"prizren-grad-meduetnicke-i-meduverske-tolerancije","status":"publish","type":"post","link":"https:\/\/dwp-balkan.org\/staging\/bs\/prizren-grad-meduetnicke-i-meduverske-tolerancije\/","title":{"rendered":"<strong>PRIZREN, GRAD ME\u0110UETNI\u010cKE I ME\u0110UVERSKE TOLERANCIJE<\/strong>"},"content":{"rendered":"<div style=\"margin-top: 0px; margin-bottom: 0px;\" class=\"sharethis-inline-share-buttons\" ><\/div>\n<p>Za Prizren se obi\u010dno ka\u017ee da je \u201egrad-muzej\u201c ili grad izvora i lepota. Prizren je najbogatiji kosovski grad \u0161to se ti\u010de spomenika kulture. Pod za\u0161titom dr\u017eave je vi\u0161e od 65 raznih objekata. U gradu \u017eive razli\u010dite nacionalnosti koje svojim radom grade sredinu dobrog susedstva, uzajamnog po\u0161tovanja i obe\u0107avaju\u0107e budu\u0107nosti. U starom delu grada se nalazi veliki broj verskih objekata, izgra\u0111enih jedan pored drugog, \u0161to ovaj grad \u010dini jo\u0161 privla\u010dnijim i slikovitog izgleda.<\/p>\n\n\n\n<p>Prizren ba\u0161tini dugu tradiciju me\u0111uetni\u010dke i me\u0111uverske tolerancije koja se prime\u0107uje u maloj udaljenosti izme\u0111u stotinama godina starih verskih objekata poput katoli\u010dkih crkvi, pravoslavnih crkvi, d\u017eamija i te\u0107a. U gradu je nekoliko prelepih crkava koje pripadaju raznim istorijskim periodima. Va\u017ean deo grada \u010dine i pravoslavne crkve. Poseta ovim crkvama je mogu\u0107a samo uz posebnu dozvolu koja se mora unapred dobiti od drugih srpskih pravoslavnih crkava u Gra\u010danici.<\/p>\n\n\n\n<p>Crkva sv. \u0110or\u0111a \u2013 Rumovi\u0107 je upravo ona crkva koja se nalazi u starom delu grada, na trgu \u201e\u0160adrvanu\u201c, odnosno u dvori\u0161tu Saborne crkve Svetog \u0110or\u0111a. Odmah na prvi pogled se prime\u0107uje da ova crkva pripada porodici srednjevekovnih crkava. Ulaskom unutra mo\u017eemo primetiti da su postavljene freske koje poti\u010du iz XVII v. Crkva ukazuje dobrodo\u0161licu mnogim posetiocima, a najve\u0107i broj posetilaca se prime\u0107uje tokom vikenda kada se i odr\u017eavaju verski obredi. Verski obredi se redovno odr\u017eavaju ovde. Njima rukovodi sve\u0161tenik Jovan Radi\u0107. On je u gradu poznat kao \u010dovek mira i ljubazan je sa svima. U razgovoru sa srpskom omladinom koja je prisustvovala bogoslu\u017eenju, shvatamo da se svaki ose\u0107a dovoljno slobodno da \u017eivi i deluje u Prizrenu.<\/p>\n\n\n\n<p>Jovan Radi\u0107:<\/p>\n\n\n\n<p>\u201eOvde \u017eivimo normalnim \u017eivotom. \u017divimo \u017eivot u na\u0161im redovnim molitvama i raznim aktivnostima, sve \u0161to radimo, radimo da nas niko ne ometa\u201c.<\/p>\n\n\n\n<p>Svako bez razlike mo\u017ee da poseti crkvu. Ovde svi po\u0161tujemo ovu zemlju jer ve\u0107ina gra\u0111ana ovde je ovde odrastala i svi znaju da nisu neprijatelji jedan-drugom.<\/p>\n\n\n\n<p>Gabrijel Jovanovi\u0107:<\/p>\n\n\n\n<p>\u201eMi smo protiv nasilja u re\u0161avanju konflikta izme\u0111u Pri\u0161tine i Beograda. Svako od nas se nada mirnom re\u0161enju i to bi pomoglo ljudima da \u017eive zajedno u miru, iako je jasno da ovde svi ve\u0107 \u017eive slobodno i zajedno se bave trgovinom, dok je na\u0161 zajedni\u010dki \u017eivot najbolji pokazatelj me\u0111uetni\u010dke i verske tolerancije\u201c.<\/p>\n\n\n\n<p>Vlada Petkovi\u0107:<\/p>\n\n\n\n<p>\u201eNaravno da ne mo\u017eemo da poreknemo probleme koje imamo, posebno u specijalnim za\u0161ti\u0107enim zonama, ali ja duboko verujem da \u0107e se o ovome diskutovati sa obe strane. Mi smo susedi i politika ili pro\u0161lost ne treba da nas ka\u017enjava\u201c.<\/p>\n\n\n\n<p>Za srpsku zajednicu nije samo crkva mesto koje pose\u0107uju. U gradu su uvek dobrodo\u0161li, sklopljena prijateljstva sa gra\u0111anima \u010dine da shvataju da grad sada ima odre\u0111enu realnost, bez obzira na politi\u010dku situaciju. Posetioci ka\u017eu da ova tolerancija i bliskost gra\u0111ana \u010dine da kulturna ba\u0161tina Prizrena odra\u017eava izvanrednu istoriju grada sa vi\u0161eslojnom kulturom tokom vekova sve do dana\u0161njih dana.<\/p>\n\n\n\n<p>Ovakvim posetama i raznom saradnjom, kulturnom i trgova\u010dkom, pripadnici srpske zajednice ka\u017eu da uklanjaju prepreke koje im stvara politika. Njihov vi\u0161ednevni boravak u crkvi ih \u010dini sre\u0107nim, kada god do\u0111u ovde za verske obrede, ali ne samo oni.<\/p>\n\n\n\n<p>Tokom 2005-2010 u crkvi su izvr\u0161ene odre\u0111ene obnove na samom objektu i u dvori\u0161tu, uklju\u010duju\u0107i zamenu olovnih plo\u010da, unutra\u0161nje malterisanje, elektri\u010dne instalacije, ja\u010danje i konzervacija zidnih slika, kao i poplo\u010davanje dvori\u0161ta mermernim plo\u010dama.<\/p>\n\n\n\n<p><em>Autor \u010dlanka: Nora Gjuzi<\/em><\/p>\n\n\n\n<p><em>Glavni i odgovorni urednik: Xhemajl Rexha<\/em><\/p>\n\n\n\n<p><em>Ovaj \u010dlanak je proizvod regionalne obuke za Suo\u010davanje s pro\u0161lo\u0161\u0107u (SSP) i novinarstvo senzibilno na sukobe, a koji su organizovali forumZFD-Program na Kosovu i Severnoj Makedoniji. Stavovi izneti u ovom \u010dlanku su isklju\u010diva odgovornost autora i ni na koji na\u010din ne odra\u017eavaju stavove forumZFD.<\/em><\/p>\n","protected":false},"excerpt":{"rendered":"<p>Za Prizren se obi\u010dno ka\u017ee da je \u201egrad-muzej\u201c ili grad izvora i lepota. Prizren je najbogatiji kosovski grad \u0161to se ti\u010de spomenika kulture. Pod za\u0161titom dr\u017eave je vi\u0161e od 65 raznih objekata. U gradu \u017eive razli\u010dite nacionalnosti koje svojim radom grade sredinu dobrog susedstva, uzajamnog po\u0161tovanja i obe\u0107avaju\u0107e budu\u0107nosti. U starom delu grada se nalazi veliki broj verskih objekata, izgra\u0111enih [&hellip;]<\/p>\n","protected":false},"author":8,"featured_media":7455,"comment_status":"closed","ping_status":"open","sticky":false,"template":"","format":"standard","meta":{"_acf_changed":false,"_editorskit_title_hidden":false,"_editorskit_reading_time":2,"_editorskit_is_block_options_detached":false,"_editorskit_block_options_position":"{}","footnotes":""},"categories":[4],"tags":[],"class_list":["post-7459","post","type-post","status-publish","format-standard","has-post-thumbnail","hentry","category-novosti"],"acf":[],"yoast_head":"<!-- This site is optimized with the Yoast SEO plugin v27.4 - https:\/\/yoast.com\/product\/yoast-seo-wordpress\/ -->\n<title>PRIZREN, GRAD ME\u0110UETNI\u010cKE I ME\u0110UVERSKE TOLERANCIJE - DWP-BALKAN<\/title>\n<meta name=\"robots\" content=\"noindex, follow, max-snippet:-1, max-image-preview:large, max-video-preview:-1\" \/>\n<meta property=\"og:locale\" content=\"en_US\" \/>\n<meta property=\"og:type\" content=\"article\" \/>\n<meta property=\"og:title\" content=\"PRIZREN, GRAD ME\u0110UETNI\u010cKE I ME\u0110UVERSKE TOLERANCIJE - DWP-BALKAN\" \/>\n<meta property=\"og:description\" content=\"Za Prizren se obi\u010dno ka\u017ee da je \u201egrad-muzej\u201c ili grad izvora i lepota. Prizren je najbogatiji kosovski grad \u0161to se ti\u010de spomenika kulture. Pod za\u0161titom dr\u017eave je vi\u0161e od 65 raznih objekata. U gradu \u017eive razli\u010dite nacionalnosti koje svojim radom grade sredinu dobrog susedstva, uzajamnog po\u0161tovanja i obe\u0107avaju\u0107e budu\u0107nosti. U starom delu grada se nalazi veliki broj verskih objekata, izgra\u0111enih [&hellip;]\" \/>\n<meta property=\"og:url\" content=\"https:\/\/dwp-balkan.org\/staging\/bs\/prizren-grad-meduetnicke-i-meduverske-tolerancije\/\" \/>\n<meta property=\"og:site_name\" content=\"DWP-BALKAN\" \/>\n<meta property=\"article:published_time\" content=\"2022-12-23T08:35:07+00:00\" \/>\n<meta property=\"article:modified_time\" content=\"2022-12-23T08:35:18+00:00\" \/>\n<meta property=\"og:image\" content=\"https:\/\/dwp-balkan.org\/staging\/wp-content\/uploads\/2022\/12\/Nora-Gjuzi-foto1024_1.jpg\" \/>\n\t<meta property=\"og:image:width\" content=\"791\" \/>\n\t<meta property=\"og:image:height\" content=\"1024\" \/>\n\t<meta property=\"og:image:type\" content=\"image\/jpeg\" \/>\n<meta name=\"author\" content=\"Sunita Bosnjakovic\" \/>\n<meta name=\"twitter:card\" content=\"summary_large_image\" \/>\n<meta name=\"twitter:label1\" content=\"Written by\" \/>\n\t<meta name=\"twitter:data1\" content=\"Sunita Bosnjakovic\" \/>\n\t<meta name=\"twitter:label2\" content=\"Est. reading time\" \/>\n\t<meta name=\"twitter:data2\" content=\"3 minutes\" \/>\n<script type=\"application\/ld+json\" class=\"yoast-schema-graph\">{\"@context\":\"https:\\\/\\\/schema.org\",\"@graph\":[{\"@type\":\"Article\",\"@id\":\"https:\\\/\\\/dwp-balkan.org\\\/staging\\\/bs\\\/prizren-grad-meduetnicke-i-meduverske-tolerancije\\\/#article\",\"isPartOf\":{\"@id\":\"https:\\\/\\\/dwp-balkan.org\\\/staging\\\/bs\\\/prizren-grad-meduetnicke-i-meduverske-tolerancije\\\/\"},\"author\":{\"name\":\"Sunita Bosnjakovic\",\"@id\":\"https:\\\/\\\/dwp-balkan.org\\\/staging\\\/#\\\/schema\\\/person\\\/f08a443f3e961375d7d1058ca3157c3d\"},\"headline\":\"PRIZREN, GRAD ME\u0110UETNI\u010cKE I ME\u0110UVERSKE TOLERANCIJE\",\"datePublished\":\"2022-12-23T08:35:07+00:00\",\"dateModified\":\"2022-12-23T08:35:18+00:00\",\"mainEntityOfPage\":{\"@id\":\"https:\\\/\\\/dwp-balkan.org\\\/staging\\\/bs\\\/prizren-grad-meduetnicke-i-meduverske-tolerancije\\\/\"},\"wordCount\":682,\"image\":{\"@id\":\"https:\\\/\\\/dwp-balkan.org\\\/staging\\\/bs\\\/prizren-grad-meduetnicke-i-meduverske-tolerancije\\\/#primaryimage\"},\"thumbnailUrl\":\"https:\\\/\\\/dwp-balkan.org\\\/staging\\\/wp-content\\\/uploads\\\/2022\\\/12\\\/Nora-Gjuzi-foto1024_1.jpg\",\"articleSection\":[\"NOVOSTI\"],\"inLanguage\":\"en-US\"},{\"@type\":\"WebPage\",\"@id\":\"https:\\\/\\\/dwp-balkan.org\\\/staging\\\/bs\\\/prizren-grad-meduetnicke-i-meduverske-tolerancije\\\/\",\"url\":\"https:\\\/\\\/dwp-balkan.org\\\/staging\\\/bs\\\/prizren-grad-meduetnicke-i-meduverske-tolerancije\\\/\",\"name\":\"PRIZREN, GRAD ME\u0110UETNI\u010cKE I ME\u0110UVERSKE TOLERANCIJE - DWP-BALKAN\",\"isPartOf\":{\"@id\":\"https:\\\/\\\/dwp-balkan.org\\\/staging\\\/#website\"},\"primaryImageOfPage\":{\"@id\":\"https:\\\/\\\/dwp-balkan.org\\\/staging\\\/bs\\\/prizren-grad-meduetnicke-i-meduverske-tolerancije\\\/#primaryimage\"},\"image\":{\"@id\":\"https:\\\/\\\/dwp-balkan.org\\\/staging\\\/bs\\\/prizren-grad-meduetnicke-i-meduverske-tolerancije\\\/#primaryimage\"},\"thumbnailUrl\":\"https:\\\/\\\/dwp-balkan.org\\\/staging\\\/wp-content\\\/uploads\\\/2022\\\/12\\\/Nora-Gjuzi-foto1024_1.jpg\",\"datePublished\":\"2022-12-23T08:35:07+00:00\",\"dateModified\":\"2022-12-23T08:35:18+00:00\",\"author\":{\"@id\":\"https:\\\/\\\/dwp-balkan.org\\\/staging\\\/#\\\/schema\\\/person\\\/f08a443f3e961375d7d1058ca3157c3d\"},\"breadcrumb\":{\"@id\":\"https:\\\/\\\/dwp-balkan.org\\\/staging\\\/bs\\\/prizren-grad-meduetnicke-i-meduverske-tolerancije\\\/#breadcrumb\"},\"inLanguage\":\"en-US\",\"potentialAction\":[{\"@type\":\"ReadAction\",\"target\":[\"https:\\\/\\\/dwp-balkan.org\\\/staging\\\/bs\\\/prizren-grad-meduetnicke-i-meduverske-tolerancije\\\/\"]}]},{\"@type\":\"ImageObject\",\"inLanguage\":\"en-US\",\"@id\":\"https:\\\/\\\/dwp-balkan.org\\\/staging\\\/bs\\\/prizren-grad-meduetnicke-i-meduverske-tolerancije\\\/#primaryimage\",\"url\":\"https:\\\/\\\/dwp-balkan.org\\\/staging\\\/wp-content\\\/uploads\\\/2022\\\/12\\\/Nora-Gjuzi-foto1024_1.jpg\",\"contentUrl\":\"https:\\\/\\\/dwp-balkan.org\\\/staging\\\/wp-content\\\/uploads\\\/2022\\\/12\\\/Nora-Gjuzi-foto1024_1.jpg\",\"width\":791,\"height\":1024},{\"@type\":\"BreadcrumbList\",\"@id\":\"https:\\\/\\\/dwp-balkan.org\\\/staging\\\/bs\\\/prizren-grad-meduetnicke-i-meduverske-tolerancije\\\/#breadcrumb\",\"itemListElement\":[{\"@type\":\"ListItem\",\"position\":1,\"name\":\"Home\",\"item\":\"https:\\\/\\\/dwp-balkan.org\\\/staging\\\/\"},{\"@type\":\"ListItem\",\"position\":2,\"name\":\"PRIZREN, GRAD ME\u0110UETNI\u010cKE I ME\u0110UVERSKE TOLERANCIJE\"}]},{\"@type\":\"WebSite\",\"@id\":\"https:\\\/\\\/dwp-balkan.org\\\/staging\\\/#website\",\"url\":\"https:\\\/\\\/dwp-balkan.org\\\/staging\\\/\",\"name\":\"DWP-BALKAN\",\"description\":\"\",\"potentialAction\":[{\"@type\":\"SearchAction\",\"target\":{\"@type\":\"EntryPoint\",\"urlTemplate\":\"https:\\\/\\\/dwp-balkan.org\\\/staging\\\/?s={search_term_string}\"},\"query-input\":{\"@type\":\"PropertyValueSpecification\",\"valueRequired\":true,\"valueName\":\"search_term_string\"}}],\"inLanguage\":\"en-US\"},{\"@type\":\"Person\",\"@id\":\"https:\\\/\\\/dwp-balkan.org\\\/staging\\\/#\\\/schema\\\/person\\\/f08a443f3e961375d7d1058ca3157c3d\",\"name\":\"Sunita Bosnjakovic\",\"image\":{\"@type\":\"ImageObject\",\"inLanguage\":\"en-US\",\"@id\":\"https:\\\/\\\/secure.gravatar.com\\\/avatar\\\/1423df5d0150a6d48f510bcea07b951d5bba8ed59b012cf95d0d67d320b791f9?s=96&d=mm&r=g\",\"url\":\"https:\\\/\\\/secure.gravatar.com\\\/avatar\\\/1423df5d0150a6d48f510bcea07b951d5bba8ed59b012cf95d0d67d320b791f9?s=96&d=mm&r=g\",\"contentUrl\":\"https:\\\/\\\/secure.gravatar.com\\\/avatar\\\/1423df5d0150a6d48f510bcea07b951d5bba8ed59b012cf95d0d67d320b791f9?s=96&d=mm&r=g\",\"caption\":\"Sunita Bosnjakovic\"},\"url\":\"https:\\\/\\\/dwp-balkan.org\\\/staging\\\/author\\\/bosnjakovic\\\/\"}]}<\/script>\n<!-- \/ Yoast SEO plugin. -->","yoast_head_json":{"title":"PRIZREN, GRAD ME\u0110UETNI\u010cKE I ME\u0110UVERSKE TOLERANCIJE - DWP-BALKAN","robots":{"index":"noindex","follow":"follow","max-snippet":"max-snippet:-1","max-image-preview":"max-image-preview:large","max-video-preview":"max-video-preview:-1"},"og_locale":"en_US","og_type":"article","og_title":"PRIZREN, GRAD ME\u0110UETNI\u010cKE I ME\u0110UVERSKE TOLERANCIJE - DWP-BALKAN","og_description":"Za Prizren se obi\u010dno ka\u017ee da je \u201egrad-muzej\u201c ili grad izvora i lepota. Prizren je najbogatiji kosovski grad \u0161to se ti\u010de spomenika kulture. Pod za\u0161titom dr\u017eave je vi\u0161e od 65 raznih objekata. U gradu \u017eive razli\u010dite nacionalnosti koje svojim radom grade sredinu dobrog susedstva, uzajamnog po\u0161tovanja i obe\u0107avaju\u0107e budu\u0107nosti. U starom delu grada se nalazi veliki broj verskih objekata, izgra\u0111enih [&hellip;]","og_url":"https:\/\/dwp-balkan.org\/staging\/bs\/prizren-grad-meduetnicke-i-meduverske-tolerancije\/","og_site_name":"DWP-BALKAN","article_published_time":"2022-12-23T08:35:07+00:00","article_modified_time":"2022-12-23T08:35:18+00:00","og_image":[{"width":791,"height":1024,"url":"https:\/\/dwp-balkan.org\/staging\/wp-content\/uploads\/2022\/12\/Nora-Gjuzi-foto1024_1.jpg","type":"image\/jpeg"}],"author":"Sunita Bosnjakovic","twitter_card":"summary_large_image","twitter_misc":{"Written by":"Sunita Bosnjakovic","Est. reading time":"3 minutes"},"schema":{"@context":"https:\/\/schema.org","@graph":[{"@type":"Article","@id":"https:\/\/dwp-balkan.org\/staging\/bs\/prizren-grad-meduetnicke-i-meduverske-tolerancije\/#article","isPartOf":{"@id":"https:\/\/dwp-balkan.org\/staging\/bs\/prizren-grad-meduetnicke-i-meduverske-tolerancije\/"},"author":{"name":"Sunita Bosnjakovic","@id":"https:\/\/dwp-balkan.org\/staging\/#\/schema\/person\/f08a443f3e961375d7d1058ca3157c3d"},"headline":"PRIZREN, GRAD ME\u0110UETNI\u010cKE I ME\u0110UVERSKE TOLERANCIJE","datePublished":"2022-12-23T08:35:07+00:00","dateModified":"2022-12-23T08:35:18+00:00","mainEntityOfPage":{"@id":"https:\/\/dwp-balkan.org\/staging\/bs\/prizren-grad-meduetnicke-i-meduverske-tolerancije\/"},"wordCount":682,"image":{"@id":"https:\/\/dwp-balkan.org\/staging\/bs\/prizren-grad-meduetnicke-i-meduverske-tolerancije\/#primaryimage"},"thumbnailUrl":"https:\/\/dwp-balkan.org\/staging\/wp-content\/uploads\/2022\/12\/Nora-Gjuzi-foto1024_1.jpg","articleSection":["NOVOSTI"],"inLanguage":"en-US"},{"@type":"WebPage","@id":"https:\/\/dwp-balkan.org\/staging\/bs\/prizren-grad-meduetnicke-i-meduverske-tolerancije\/","url":"https:\/\/dwp-balkan.org\/staging\/bs\/prizren-grad-meduetnicke-i-meduverske-tolerancije\/","name":"PRIZREN, GRAD ME\u0110UETNI\u010cKE I ME\u0110UVERSKE TOLERANCIJE - DWP-BALKAN","isPartOf":{"@id":"https:\/\/dwp-balkan.org\/staging\/#website"},"primaryImageOfPage":{"@id":"https:\/\/dwp-balkan.org\/staging\/bs\/prizren-grad-meduetnicke-i-meduverske-tolerancije\/#primaryimage"},"image":{"@id":"https:\/\/dwp-balkan.org\/staging\/bs\/prizren-grad-meduetnicke-i-meduverske-tolerancije\/#primaryimage"},"thumbnailUrl":"https:\/\/dwp-balkan.org\/staging\/wp-content\/uploads\/2022\/12\/Nora-Gjuzi-foto1024_1.jpg","datePublished":"2022-12-23T08:35:07+00:00","dateModified":"2022-12-23T08:35:18+00:00","author":{"@id":"https:\/\/dwp-balkan.org\/staging\/#\/schema\/person\/f08a443f3e961375d7d1058ca3157c3d"},"breadcrumb":{"@id":"https:\/\/dwp-balkan.org\/staging\/bs\/prizren-grad-meduetnicke-i-meduverske-tolerancije\/#breadcrumb"},"inLanguage":"en-US","potentialAction":[{"@type":"ReadAction","target":["https:\/\/dwp-balkan.org\/staging\/bs\/prizren-grad-meduetnicke-i-meduverske-tolerancije\/"]}]},{"@type":"ImageObject","inLanguage":"en-US","@id":"https:\/\/dwp-balkan.org\/staging\/bs\/prizren-grad-meduetnicke-i-meduverske-tolerancije\/#primaryimage","url":"https:\/\/dwp-balkan.org\/staging\/wp-content\/uploads\/2022\/12\/Nora-Gjuzi-foto1024_1.jpg","contentUrl":"https:\/\/dwp-balkan.org\/staging\/wp-content\/uploads\/2022\/12\/Nora-Gjuzi-foto1024_1.jpg","width":791,"height":1024},{"@type":"BreadcrumbList","@id":"https:\/\/dwp-balkan.org\/staging\/bs\/prizren-grad-meduetnicke-i-meduverske-tolerancije\/#breadcrumb","itemListElement":[{"@type":"ListItem","position":1,"name":"Home","item":"https:\/\/dwp-balkan.org\/staging\/"},{"@type":"ListItem","position":2,"name":"PRIZREN, GRAD ME\u0110UETNI\u010cKE I ME\u0110UVERSKE TOLERANCIJE"}]},{"@type":"WebSite","@id":"https:\/\/dwp-balkan.org\/staging\/#website","url":"https:\/\/dwp-balkan.org\/staging\/","name":"DWP-BALKAN","description":"","potentialAction":[{"@type":"SearchAction","target":{"@type":"EntryPoint","urlTemplate":"https:\/\/dwp-balkan.org\/staging\/?s={search_term_string}"},"query-input":{"@type":"PropertyValueSpecification","valueRequired":true,"valueName":"search_term_string"}}],"inLanguage":"en-US"},{"@type":"Person","@id":"https:\/\/dwp-balkan.org\/staging\/#\/schema\/person\/f08a443f3e961375d7d1058ca3157c3d","name":"Sunita Bosnjakovic","image":{"@type":"ImageObject","inLanguage":"en-US","@id":"https:\/\/secure.gravatar.com\/avatar\/1423df5d0150a6d48f510bcea07b951d5bba8ed59b012cf95d0d67d320b791f9?s=96&d=mm&r=g","url":"https:\/\/secure.gravatar.com\/avatar\/1423df5d0150a6d48f510bcea07b951d5bba8ed59b012cf95d0d67d320b791f9?s=96&d=mm&r=g","contentUrl":"https:\/\/secure.gravatar.com\/avatar\/1423df5d0150a6d48f510bcea07b951d5bba8ed59b012cf95d0d67d320b791f9?s=96&d=mm&r=g","caption":"Sunita Bosnjakovic"},"url":"https:\/\/dwp-balkan.org\/staging\/author\/bosnjakovic\/"}]}},"_links":{"self":[{"href":"https:\/\/dwp-balkan.org\/staging\/wp-json\/wp\/v2\/posts\/7459","targetHints":{"allow":["GET"]}}],"collection":[{"href":"https:\/\/dwp-balkan.org\/staging\/wp-json\/wp\/v2\/posts"}],"about":[{"href":"https:\/\/dwp-balkan.org\/staging\/wp-json\/wp\/v2\/types\/post"}],"author":[{"embeddable":true,"href":"https:\/\/dwp-balkan.org\/staging\/wp-json\/wp\/v2\/users\/8"}],"replies":[{"embeddable":true,"href":"https:\/\/dwp-balkan.org\/staging\/wp-json\/wp\/v2\/comments?post=7459"}],"version-history":[{"count":1,"href":"https:\/\/dwp-balkan.org\/staging\/wp-json\/wp\/v2\/posts\/7459\/revisions"}],"predecessor-version":[{"id":7460,"href":"https:\/\/dwp-balkan.org\/staging\/wp-json\/wp\/v2\/posts\/7459\/revisions\/7460"}],"wp:featuredmedia":[{"embeddable":true,"href":"https:\/\/dwp-balkan.org\/staging\/wp-json\/wp\/v2\/media\/7455"}],"wp:attachment":[{"href":"https:\/\/dwp-balkan.org\/staging\/wp-json\/wp\/v2\/media?parent=7459"}],"wp:term":[{"taxonomy":"category","embeddable":true,"href":"https:\/\/dwp-balkan.org\/staging\/wp-json\/wp\/v2\/categories?post=7459"},{"taxonomy":"post_tag","embeddable":true,"href":"https:\/\/dwp-balkan.org\/staging\/wp-json\/wp\/v2\/tags?post=7459"}],"curies":[{"name":"wp","href":"https:\/\/api.w.org\/{rel}","templated":true}]}}