{"id":7634,"date":"2023-03-08T07:03:28","date_gmt":"2023-03-08T07:03:28","guid":{"rendered":"https:\/\/dwp-balkan.org\/staging\/?p=7634"},"modified":"2023-03-08T07:03:34","modified_gmt":"2023-03-08T07:03:34","slug":"sjecanje-na-zene-u-ratu","status":"publish","type":"post","link":"https:\/\/dwp-balkan.org\/staging\/bs\/sjecanje-na-zene-u-ratu\/","title":{"rendered":"<strong>SJE\u0106ANJE NA \u017dENE U RATU<\/strong>"},"content":{"rendered":"<div style=\"margin-top: 0px; margin-bottom: 0px;\" class=\"sharethis-inline-share-buttons\" ><\/div>\n<p>Godine 1857. na osmi mart njujor\u0161ke suradnice u industriji odje\u0107e i tekstila iza\u0161le su da protestvuju. Nezadovoljne lo\u0161im uvjetima rada i niskim platama. Demonstracije na isti datum odr\u017eavale su se i u narednim godinama. Pet decenija poslije, ta\u010dnije 1910. odr\u017eana je prva me\u0111unarodna \u017eenska konferencija u Kopenhagenu. Organizovala ju je Socijalisti\u010dka Internacionala. Ustanovljen je Me\u0111unarodni dan \u017eena. Na prijedlog njema\u010dke aktivistkinje&nbsp;Clare Zetkin.<a href=\"#_ftn1\" id=\"_ftnref1\">[1]<\/a><\/p>\n\n\n\n<p>Osmi mart se obilje\u017eava i u Bosni i Hercegovini. Prva proslava organizovana je 1913. U Sarajevu se na obilje\u017eavanju okupilo oko dvije hiljade \u017eena.<a href=\"#_ftn2\" id=\"_ftnref2\">[2]<\/a> Vremenom su se izborile za svoja prava. No, ne na stepenu ravnopravnosti na kojem bi trebala biti. Me\u0111utim, \u017eene i dalje povijest hrabro poku\u0161avaju kreirati u svoju korist. Stotinu godina kasnije, u na\u0161oj zemlji je osnovana Inicijativa Mir sa \u017eenskim licem. Kao odgovor na isklju\u010denje \u017eena iz zvani\u010dne kulture sje\u0107anja i procesa tranzicione pravde.<\/p>\n\n\n\n<p>\u201eMi uvijek imamo nove generacije i stalno u\u010dimo. \u017dene moraju znati otkud one tu, otkud im pravo glasa, \u0161ta mogu&#8230; \u0160ta je to \u0161to \u017eene u Bosni i Hercegovini mogu pokrenuti. \u0160ta nam je zajedni\u010dko\u201d \u2013 ka\u017ee Dubravka Kova\u010devi\u0107, \u010dlanica Inicijative Mir sa \u017eenskim licem.<a href=\"#_ftn3\" id=\"_ftnref3\">[3]<\/a><\/p>\n\n\n\n<p>Prema podacima Bosanske knjige mrtvih,<a href=\"#_ftn4\" id=\"_ftnref4\">[4]<\/a> u ratu protiv Bosne i Hercegovine ubijena je 9.901 \u017eena. Deset procenata od broja ubijenih u ratu. Dvadeset pet procenata je to civilnih \u017ertava rata. Ovi podaci rijetko se nalaze na spomenicima. Sje\u0107anje na ubijene \u017eene \u010duva se me\u0111u \u010dlanovima porodice ili bliskih prijatelja.<a href=\"#_ftn5\" id=\"_ftnref5\">[5]<\/a><\/p>\n\n\n\n<p>Zagovara\u010dice \u017eenskih prava koje dolaze iz trinaest bosanskohercegova\u010dkih nevladinih organizacija pokrenule su vi\u0161e akcija za memorijalizaciju. Jedna od njih je i obilje\u017eavanje Osmog decembra. Dana sje\u0107anja na stradanje \u017eena u ratu protiv Bosne i Hercegovine.<\/p>\n\n\n\n<p>\u201eOno \u0161to se desilo tokom 1990-ih godina jo\u0161 uvijek nije dio na\u0161ih arhiva ili ud\u017ebenika o historiji\u201c, ka\u017ee koordinatorica Inicijative Radmila \u017digi\u0107 \u2013 \u201eJo\u0161 uvijek se nismo usaglasili kakva vrsta rata je to bila \u2013 neki smatraju da je to bio gra\u0111anski rat, dok drugi smatraju da je to bila agresija na Bosnu i Hercegovinu od strane Srbije ili Hrvatske\u201c.<a href=\"#_ftn6\" id=\"_ftnref6\">[6]<\/a><\/p>\n\n\n\n<p>\u201eKu\u0107a mi je sru\u0161ena do temelja, ali je ostao klju\u010d\u201c \u2013 ka\u017ee Bratun\u010danka Rejha Avdi\u0107. Jo\u0161 uvijek \u010duva taj djeli\u0107 svoga doma iz kojeg je protjerana 1992. \u2013 \u201eTu je i porodi\u010dna fotografija koju je, ne znam kako, uspjela sa\u010duvati rodica mog mu\u017ea. Moj mu\u017e, k\u0107erke Sejdefa i Sabina i ja&#8230;\u201c<a href=\"#_ftn7\" id=\"_ftnref7\"><sup>[7]<\/sup><\/a><\/p>\n\n\n\n<p>Kao dio godi\u0161nje globalne kampanje \u0160esnaest dana aktivizma protiv rodno zasnovanog nasilja, Osmi decembar je pro\u0161le godine obilje\u017een u dvanaest gradova. U Sarajevu, Banjoj Luci, Bijeljini, Modri\u010di, Biha\u0107u, Vi\u0161egradu, Mostaru i Bosanskom Grahovu organizovane su uli\u010dne akcije. Prolaznicima su se dijelili propagandni materijali. U Prijedoru su aktivistice i aktivisti dr\u017eali papire na kojima su bila ispisana imena i godine starosti ubijenih \u017eena.<a href=\"#_ftn8\" id=\"_ftnref8\"><sup>[8]<\/sup><\/a> U Zenici je postavljena instalacija Dan sje\u0107anja. Na bratuna\u010dkoj tr\u017enici se razgovaralo sa gra\u0111ankama i gra\u0111anima.<a href=\"#_ftn9\" id=\"_ftnref9\">[9]<\/a> U tuzlanskoj biblioteci Dervi\u0161 Su\u0161i\u0107 je prikazan film One umiru drugi put.<a href=\"#_ftn10\" id=\"_ftnref10\">[10]<\/a><\/p>\n\n\n\n<p>Inicijative za progla\u0161enje Osmog decembra zvani\u010dnim Danom sje\u0107anja na \u017eene ubijene u ratu protiv Bosne i Hercegovine upu\u0107ivane su u parlament u dva navrata. Bilo je to 2014. i 2016. godine. No, do sada nisu dobile odgovaraju\u0107u podr\u0161ku.<a href=\"#_ftn11\" id=\"_ftnref11\">[11]<\/a><\/p>\n\n\n\n<p>Kada bi dobile potporu u svome zalaganju, bilo bi to prela\u017eenje bedema. Nevidljive granice nasilja koja dijeli gra\u0111anke i gra\u0111ane na dva entiteta i tri etnije. Koja im daje ekskluzivno pravo da ozna\u010davaju drugu stranu vje\u010ditim krivcem za svoju sada\u0161njost, a naro\u010dito pro\u0161lost.<\/p>\n\n\n\n<p>\u201eKada do\u0111ete nakon prognanstva i vratite se svojoj ku\u0107i i vidite da nije ni\u0161ta ostalo, da nemate ni\u0161ta. Ja sam vidjela te emocije. Ja sam zabilje\u017eila te emocije, koje sada nakon puno, puno godina dijelim s tim ljudima, vra\u0107am im nadu i ka\u017eem: vidite, pre\u017eivjeli ste!\u201d \u2013 govori Danka Zeli\u0107 iz Bosanskog Grahova i dodaje \u2013 \u201cBilo je te\u0161ko, ali uspjeli ste! Ponovo ste sagradili svoj dom, vratili svoju obitelj, i nekako se sve to zavr\u0161ilo sretno!\u201c<\/p>\n\n\n\n<p>Danom sje\u0107anja na stradanje \u017eena u ratu protiv Bosne i Hercegovine postepeno se bri\u0161e pri\u010da o ratnim junacima iz na\u0161ih naroda. Svi mitovi na ratne heroje postaju apsurdni. Jer na njihov pomen postaje nemogu\u0107e ne sjetiti se i njihovih \u017ertava. \u017dene su najvidljiviji dokaz ratnih zlo\u010dina. Bile su \u017ertve i u vrijeme Clare Zetkin. Trebalo je napora, rada, volje, sredstava i saradnje. Ponajvi\u0161e vjere da se nepravda u\u010dinjena njima ispravi. Zato vrijedi podr\u017eati ovu inicijativu koja ima za cilj, izme\u0111u ostalog, prikazati \u017eene ne kao \u017ertve nego pokreta\u010de mirovnih procesa i rekonstrukcije na\u0161ih zajednica. Zapaljene \u017ertve u vi\u0161egradskoj Pionirskoj ulici i na Bikavcu bile su ve\u0107inom \u017eene. \u017dene su silovane u Fo\u010di, Vi\u0161egradu, Br\u010dkom, Zvorniku. Boravile su u Omarskoj, Keratermu, Trnopolju. Ubijane su u Grabovici, Sarajevu, Bijeljini, Mostaru. Zar onda nije red da im se i kroz kulturu sje\u0107anja na dostojanstven na\u010din odu\u017eimo?<\/p>\n\n\n\n<p><strong>Edvin Kanka \u0106udi\u0107<\/strong>&nbsp;(1988) je bosanski borac za ljudska prava koji je najpoznatiji kao lider Udru\u017eenja za dru\u0161tvena istra\u017eivanja i komunikacije (UDIK), organizacije koja se bori za ljudska prava i pomirenje u biv\u0161oj Jugoslaviji.<\/p>\n\n\n\n<hr class=\"wp-block-separator has-alpha-channel-opacity\"\/>\n\n\n\n<p><a href=\"#_ftnref1\" id=\"_ftn1\">[1]<\/a> Studomat.ba, Clara Zetkin \u2013 \u017eena zbog koje slavimo 8. mart, 8.3.2020. (https:\/\/studomat.ba\/clara-zetkin-zena-zbog-koje-slavimo-8-mart\/8387\/ Preuzeto: 21.2.2023)<\/p>\n\n\n\n<p><a href=\"#_ftnref2\" id=\"_ftn2\">[2]<\/a> Klix.ba, Osmi mart kroz historiju: Od demonstracija do proslava, 8.3.2021. (<a href=\"https:\/\/www.klix.ba\/vijesti\/bih\/osmi-mart-kroz-historiju-od-demonstracija-do-proslava\/210308035\">https:\/\/www.klix.ba\/vijesti\/bih\/osmi-mart-kroz-historiju-od-demonstracija-do-proslava\/210308035<\/a> Preuzeto: 21.2.2023)<strong><\/strong><\/p>\n\n\n\n<p><a href=\"#_ftnref3\" id=\"_ftn3\">[3]<\/a> Dealing with the Past, Dubravka Kova\u010devi\u0107 (<a href=\"https:\/\/dwp-balkan.org\/staging\/bs\/dubravka-kovacevic-2\/\">https:\/\/dwp-balkan.org\/staging\/bs\/dubravka-kovacevic-2\/<\/a> Preuzeto: 21.2.2023)<\/p>\n\n\n\n<p><a href=\"#_ftnref4\" id=\"_ftn4\">[4]<\/a> Bosanska knjiga mrtvih ( Preuzeto: 28.2.2023)<\/p>\n\n\n\n<p><a href=\"#_ftnref5\" id=\"_ftn5\">[5]<\/a> Azem Kurti\u0107, Obilje\u017eeno sje\u0107anje na \u017eene ubijene u ratu, detektor.ba, 8.12.2022. (<a href=\"https:\/\/detektor.ba\/2022\/12\/08\/obiljezeno-sjecanje-na-zene-ubijene-u-ratu\/\">https:\/\/detektor.ba\/2022\/12\/08\/obiljezeno-sjecanje-na-zene-ubijene-u-ratu\/<\/a> Preuzeto: 21.2.2023)<\/p>\n\n\n\n<p><a href=\"#_ftnref6\" id=\"_ftn6\">[6]<\/a> Hannah Sanders, Historija pripada svima, uklju\u010duju\u0107i \u017eene, Dealing with the Past, 19.9.2022. (<a href=\"https:\/\/dwp-balkan.org\/staging\/bs\/historija-pripada-svima-ukljucujuci-zene\/\">https:\/\/dwp-balkan.org\/staging\/bs\/historija-pripada-svima-ukljucujuci-zene\/<\/a> Preuzeto: 21.2.2023)<\/p>\n\n\n\n<p><a href=\"#_ftnref7\" id=\"_ftn7\">[7]<\/a> Dealing with the Past, Rejha Avdi\u0107 (<a href=\"https:\/\/dwp-balkan.org\/staging\/bs\/rejha-avdic-2\/\">https:\/\/dwp-balkan.org\/staging\/bs\/rejha-avdic-2\/<\/a> Preuzeto: 21.2.2023)<\/p>\n\n\n\n<p><a href=\"#_ftnref8\" id=\"_ftn8\">[8]<\/a> Azem Kurti\u0107, ibid.<\/p>\n\n\n\n<p><a href=\"#_ftnref9\" id=\"_ftn9\">[9]<\/a> Edina Rizvi\u0107, 8. decembar \u2013 Dan sje\u0107anja na stradanje \u017eena u ratu u Bosni i Hercegovini, RTV Slon, 7.12.2022. (<a href=\"https:\/\/www.rtvslon.ba\/8-decembar-dan-sjecanja-na-stradanje-zena-u-ratu-u-bosni-i-hercegovini\/\">https:\/\/www.rtvslon.ba\/8-decembar-dan-sjecanja-na-stradanje-zena-u-ratu-u-bosni-i-hercegovini\/<\/a> Preuzeto: 21.2.2023)<\/p>\n\n\n\n<p><a href=\"#_ftnref10\" id=\"_ftn10\">[10]<\/a> Tuzlainfo.ba, Danas u Tuzli obilje\u017eavanje Dana sje\u0107anja na stradanje \u017eena u ratu u BiH, 8.12.2022.<\/p>\n\n\n\n<p>&nbsp;&nbsp;(<a href=\"https:\/\/tuzlainfo.ba\/index.php\/novosti\/item\/191552-danas-u-tuzli-obiljezavanje-dana-sjecanja-na-stradanje-zena-u-ratu-u-bih\/\">https:\/\/tuzlainfo.ba\/index.php\/novosti\/item\/191552-danas-u-tuzli-obiljezavanje-dana-sjecanja-na-stradanje-zena-u-ratu-u-bih\/<\/a> Preuzeto: 21.2.2023)<\/p>\n\n\n\n<p><a href=\"#_ftnref11\" id=\"_ftn11\">[11]<\/a> Azem Kurti\u0107, ibid.<\/p>\n","protected":false},"excerpt":{"rendered":"<p>Godine 1857. na osmi mart njujor\u0161ke suradnice u industriji odje\u0107e i tekstila iza\u0161le su da protestvuju. Nezadovoljne lo\u0161im uvjetima rada i niskim platama. Demonstracije na isti datum odr\u017eavale su se i u narednim godinama. Pet decenija poslije, ta\u010dnije 1910. odr\u017eana je prva me\u0111unarodna \u017eenska konferencija u Kopenhagenu. Organizovala ju je Socijalisti\u010dka Internacionala. Ustanovljen je Me\u0111unarodni dan \u017eena. Na prijedlog njema\u010dke [&hellip;]<\/p>\n","protected":false},"author":8,"featured_media":7200,"comment_status":"closed","ping_status":"open","sticky":false,"template":"","format":"standard","meta":{"_acf_changed":false,"_editorskit_title_hidden":false,"_editorskit_reading_time":3,"_editorskit_is_block_options_detached":false,"_editorskit_block_options_position":"{}","footnotes":""},"categories":[54],"tags":[],"class_list":["post-7634","post","type-post","status-publish","format-standard","has-post-thumbnail","hentry","category-blog-bhs"],"acf":[],"yoast_head":"<!-- This site is optimized with the Yoast SEO plugin v27.5 - https:\/\/yoast.com\/product\/yoast-seo-wordpress\/ -->\n<title>SJE\u0106ANJE NA \u017dENE U RATU - DWP-BALKAN<\/title>\n<meta name=\"robots\" content=\"noindex, follow, max-snippet:-1, max-image-preview:large, max-video-preview:-1\" \/>\n<meta property=\"og:locale\" content=\"en_US\" \/>\n<meta property=\"og:type\" content=\"article\" \/>\n<meta property=\"og:title\" content=\"SJE\u0106ANJE NA \u017dENE U RATU - DWP-BALKAN\" \/>\n<meta property=\"og:description\" content=\"Godine 1857. na osmi mart njujor\u0161ke suradnice u industriji odje\u0107e i tekstila iza\u0161le su da protestvuju. Nezadovoljne lo\u0161im uvjetima rada i niskim platama. Demonstracije na isti datum odr\u017eavale su se i u narednim godinama. Pet decenija poslije, ta\u010dnije 1910. odr\u017eana je prva me\u0111unarodna \u017eenska konferencija u Kopenhagenu. Organizovala ju je Socijalisti\u010dka Internacionala. Ustanovljen je Me\u0111unarodni dan \u017eena. Na prijedlog njema\u010dke [&hellip;]\" \/>\n<meta property=\"og:url\" content=\"https:\/\/dwp-balkan.org\/staging\/bs\/sjecanje-na-zene-u-ratu\/\" \/>\n<meta property=\"og:site_name\" content=\"DWP-BALKAN\" \/>\n<meta property=\"article:published_time\" content=\"2023-03-08T07:03:28+00:00\" \/>\n<meta property=\"article:modified_time\" content=\"2023-03-08T07:03:34+00:00\" \/>\n<meta property=\"og:image\" content=\"https:\/\/dwp-balkan.org\/staging\/wp-content\/uploads\/2022\/11\/edvin.jpg\" \/>\n\t<meta property=\"og:image:width\" content=\"647\" \/>\n\t<meta property=\"og:image:height\" content=\"349\" \/>\n\t<meta property=\"og:image:type\" content=\"image\/jpeg\" \/>\n<meta name=\"author\" content=\"Sunita Bosnjakovic\" \/>\n<meta name=\"twitter:card\" content=\"summary_large_image\" \/>\n<meta name=\"twitter:label1\" content=\"Written by\" \/>\n\t<meta name=\"twitter:data1\" content=\"Sunita Bosnjakovic\" \/>\n\t<meta name=\"twitter:label2\" content=\"Est. reading time\" \/>\n\t<meta name=\"twitter:data2\" content=\"5 minutes\" \/>\n<script type=\"application\/ld+json\" class=\"yoast-schema-graph\">{\"@context\":\"https:\\\/\\\/schema.org\",\"@graph\":[{\"@type\":\"Article\",\"@id\":\"https:\\\/\\\/dwp-balkan.org\\\/staging\\\/bs\\\/sjecanje-na-zene-u-ratu\\\/#article\",\"isPartOf\":{\"@id\":\"https:\\\/\\\/dwp-balkan.org\\\/staging\\\/bs\\\/sjecanje-na-zene-u-ratu\\\/\"},\"author\":{\"name\":\"Sunita Bosnjakovic\",\"@id\":\"https:\\\/\\\/dwp-balkan.org\\\/staging\\\/#\\\/schema\\\/person\\\/f08a443f3e961375d7d1058ca3157c3d\"},\"headline\":\"SJE\u0106ANJE NA \u017dENE U RATU\",\"datePublished\":\"2023-03-08T07:03:28+00:00\",\"dateModified\":\"2023-03-08T07:03:34+00:00\",\"mainEntityOfPage\":{\"@id\":\"https:\\\/\\\/dwp-balkan.org\\\/staging\\\/bs\\\/sjecanje-na-zene-u-ratu\\\/\"},\"wordCount\":1062,\"image\":{\"@id\":\"https:\\\/\\\/dwp-balkan.org\\\/staging\\\/bs\\\/sjecanje-na-zene-u-ratu\\\/#primaryimage\"},\"thumbnailUrl\":\"https:\\\/\\\/dwp-balkan.org\\\/staging\\\/wp-content\\\/uploads\\\/2022\\\/11\\\/edvin.jpg\",\"articleSection\":[\"BLOG-BHS\"],\"inLanguage\":\"en-US\"},{\"@type\":\"WebPage\",\"@id\":\"https:\\\/\\\/dwp-balkan.org\\\/staging\\\/bs\\\/sjecanje-na-zene-u-ratu\\\/\",\"url\":\"https:\\\/\\\/dwp-balkan.org\\\/staging\\\/bs\\\/sjecanje-na-zene-u-ratu\\\/\",\"name\":\"SJE\u0106ANJE NA \u017dENE U RATU - DWP-BALKAN\",\"isPartOf\":{\"@id\":\"https:\\\/\\\/dwp-balkan.org\\\/staging\\\/#website\"},\"primaryImageOfPage\":{\"@id\":\"https:\\\/\\\/dwp-balkan.org\\\/staging\\\/bs\\\/sjecanje-na-zene-u-ratu\\\/#primaryimage\"},\"image\":{\"@id\":\"https:\\\/\\\/dwp-balkan.org\\\/staging\\\/bs\\\/sjecanje-na-zene-u-ratu\\\/#primaryimage\"},\"thumbnailUrl\":\"https:\\\/\\\/dwp-balkan.org\\\/staging\\\/wp-content\\\/uploads\\\/2022\\\/11\\\/edvin.jpg\",\"datePublished\":\"2023-03-08T07:03:28+00:00\",\"dateModified\":\"2023-03-08T07:03:34+00:00\",\"author\":{\"@id\":\"https:\\\/\\\/dwp-balkan.org\\\/staging\\\/#\\\/schema\\\/person\\\/f08a443f3e961375d7d1058ca3157c3d\"},\"breadcrumb\":{\"@id\":\"https:\\\/\\\/dwp-balkan.org\\\/staging\\\/bs\\\/sjecanje-na-zene-u-ratu\\\/#breadcrumb\"},\"inLanguage\":\"en-US\",\"potentialAction\":[{\"@type\":\"ReadAction\",\"target\":[\"https:\\\/\\\/dwp-balkan.org\\\/staging\\\/bs\\\/sjecanje-na-zene-u-ratu\\\/\"]}]},{\"@type\":\"ImageObject\",\"inLanguage\":\"en-US\",\"@id\":\"https:\\\/\\\/dwp-balkan.org\\\/staging\\\/bs\\\/sjecanje-na-zene-u-ratu\\\/#primaryimage\",\"url\":\"https:\\\/\\\/dwp-balkan.org\\\/staging\\\/wp-content\\\/uploads\\\/2022\\\/11\\\/edvin.jpg\",\"contentUrl\":\"https:\\\/\\\/dwp-balkan.org\\\/staging\\\/wp-content\\\/uploads\\\/2022\\\/11\\\/edvin.jpg\",\"width\":647,\"height\":349},{\"@type\":\"BreadcrumbList\",\"@id\":\"https:\\\/\\\/dwp-balkan.org\\\/staging\\\/bs\\\/sjecanje-na-zene-u-ratu\\\/#breadcrumb\",\"itemListElement\":[{\"@type\":\"ListItem\",\"position\":1,\"name\":\"Home\",\"item\":\"https:\\\/\\\/dwp-balkan.org\\\/staging\\\/\"},{\"@type\":\"ListItem\",\"position\":2,\"name\":\"SJE\u0106ANJE NA \u017dENE U RATU\"}]},{\"@type\":\"WebSite\",\"@id\":\"https:\\\/\\\/dwp-balkan.org\\\/staging\\\/#website\",\"url\":\"https:\\\/\\\/dwp-balkan.org\\\/staging\\\/\",\"name\":\"DWP-BALKAN\",\"description\":\"\",\"potentialAction\":[{\"@type\":\"SearchAction\",\"target\":{\"@type\":\"EntryPoint\",\"urlTemplate\":\"https:\\\/\\\/dwp-balkan.org\\\/staging\\\/?s={search_term_string}\"},\"query-input\":{\"@type\":\"PropertyValueSpecification\",\"valueRequired\":true,\"valueName\":\"search_term_string\"}}],\"inLanguage\":\"en-US\"},{\"@type\":\"Person\",\"@id\":\"https:\\\/\\\/dwp-balkan.org\\\/staging\\\/#\\\/schema\\\/person\\\/f08a443f3e961375d7d1058ca3157c3d\",\"name\":\"Sunita Bosnjakovic\",\"image\":{\"@type\":\"ImageObject\",\"inLanguage\":\"en-US\",\"@id\":\"https:\\\/\\\/secure.gravatar.com\\\/avatar\\\/1423df5d0150a6d48f510bcea07b951d5bba8ed59b012cf95d0d67d320b791f9?s=96&d=mm&r=g\",\"url\":\"https:\\\/\\\/secure.gravatar.com\\\/avatar\\\/1423df5d0150a6d48f510bcea07b951d5bba8ed59b012cf95d0d67d320b791f9?s=96&d=mm&r=g\",\"contentUrl\":\"https:\\\/\\\/secure.gravatar.com\\\/avatar\\\/1423df5d0150a6d48f510bcea07b951d5bba8ed59b012cf95d0d67d320b791f9?s=96&d=mm&r=g\",\"caption\":\"Sunita Bosnjakovic\"},\"url\":\"https:\\\/\\\/dwp-balkan.org\\\/staging\\\/author\\\/bosnjakovic\\\/\"}]}<\/script>\n<!-- \/ Yoast SEO plugin. -->","yoast_head_json":{"title":"SJE\u0106ANJE NA \u017dENE U RATU - DWP-BALKAN","robots":{"index":"noindex","follow":"follow","max-snippet":"max-snippet:-1","max-image-preview":"max-image-preview:large","max-video-preview":"max-video-preview:-1"},"og_locale":"en_US","og_type":"article","og_title":"SJE\u0106ANJE NA \u017dENE U RATU - DWP-BALKAN","og_description":"Godine 1857. na osmi mart njujor\u0161ke suradnice u industriji odje\u0107e i tekstila iza\u0161le su da protestvuju. Nezadovoljne lo\u0161im uvjetima rada i niskim platama. Demonstracije na isti datum odr\u017eavale su se i u narednim godinama. Pet decenija poslije, ta\u010dnije 1910. odr\u017eana je prva me\u0111unarodna \u017eenska konferencija u Kopenhagenu. Organizovala ju je Socijalisti\u010dka Internacionala. Ustanovljen je Me\u0111unarodni dan \u017eena. Na prijedlog njema\u010dke [&hellip;]","og_url":"https:\/\/dwp-balkan.org\/staging\/bs\/sjecanje-na-zene-u-ratu\/","og_site_name":"DWP-BALKAN","article_published_time":"2023-03-08T07:03:28+00:00","article_modified_time":"2023-03-08T07:03:34+00:00","og_image":[{"width":647,"height":349,"url":"https:\/\/dwp-balkan.org\/staging\/wp-content\/uploads\/2022\/11\/edvin.jpg","type":"image\/jpeg"}],"author":"Sunita Bosnjakovic","twitter_card":"summary_large_image","twitter_misc":{"Written by":"Sunita Bosnjakovic","Est. reading time":"5 minutes"},"schema":{"@context":"https:\/\/schema.org","@graph":[{"@type":"Article","@id":"https:\/\/dwp-balkan.org\/staging\/bs\/sjecanje-na-zene-u-ratu\/#article","isPartOf":{"@id":"https:\/\/dwp-balkan.org\/staging\/bs\/sjecanje-na-zene-u-ratu\/"},"author":{"name":"Sunita Bosnjakovic","@id":"https:\/\/dwp-balkan.org\/staging\/#\/schema\/person\/f08a443f3e961375d7d1058ca3157c3d"},"headline":"SJE\u0106ANJE NA \u017dENE U RATU","datePublished":"2023-03-08T07:03:28+00:00","dateModified":"2023-03-08T07:03:34+00:00","mainEntityOfPage":{"@id":"https:\/\/dwp-balkan.org\/staging\/bs\/sjecanje-na-zene-u-ratu\/"},"wordCount":1062,"image":{"@id":"https:\/\/dwp-balkan.org\/staging\/bs\/sjecanje-na-zene-u-ratu\/#primaryimage"},"thumbnailUrl":"https:\/\/dwp-balkan.org\/staging\/wp-content\/uploads\/2022\/11\/edvin.jpg","articleSection":["BLOG-BHS"],"inLanguage":"en-US"},{"@type":"WebPage","@id":"https:\/\/dwp-balkan.org\/staging\/bs\/sjecanje-na-zene-u-ratu\/","url":"https:\/\/dwp-balkan.org\/staging\/bs\/sjecanje-na-zene-u-ratu\/","name":"SJE\u0106ANJE NA \u017dENE U RATU - DWP-BALKAN","isPartOf":{"@id":"https:\/\/dwp-balkan.org\/staging\/#website"},"primaryImageOfPage":{"@id":"https:\/\/dwp-balkan.org\/staging\/bs\/sjecanje-na-zene-u-ratu\/#primaryimage"},"image":{"@id":"https:\/\/dwp-balkan.org\/staging\/bs\/sjecanje-na-zene-u-ratu\/#primaryimage"},"thumbnailUrl":"https:\/\/dwp-balkan.org\/staging\/wp-content\/uploads\/2022\/11\/edvin.jpg","datePublished":"2023-03-08T07:03:28+00:00","dateModified":"2023-03-08T07:03:34+00:00","author":{"@id":"https:\/\/dwp-balkan.org\/staging\/#\/schema\/person\/f08a443f3e961375d7d1058ca3157c3d"},"breadcrumb":{"@id":"https:\/\/dwp-balkan.org\/staging\/bs\/sjecanje-na-zene-u-ratu\/#breadcrumb"},"inLanguage":"en-US","potentialAction":[{"@type":"ReadAction","target":["https:\/\/dwp-balkan.org\/staging\/bs\/sjecanje-na-zene-u-ratu\/"]}]},{"@type":"ImageObject","inLanguage":"en-US","@id":"https:\/\/dwp-balkan.org\/staging\/bs\/sjecanje-na-zene-u-ratu\/#primaryimage","url":"https:\/\/dwp-balkan.org\/staging\/wp-content\/uploads\/2022\/11\/edvin.jpg","contentUrl":"https:\/\/dwp-balkan.org\/staging\/wp-content\/uploads\/2022\/11\/edvin.jpg","width":647,"height":349},{"@type":"BreadcrumbList","@id":"https:\/\/dwp-balkan.org\/staging\/bs\/sjecanje-na-zene-u-ratu\/#breadcrumb","itemListElement":[{"@type":"ListItem","position":1,"name":"Home","item":"https:\/\/dwp-balkan.org\/staging\/"},{"@type":"ListItem","position":2,"name":"SJE\u0106ANJE NA \u017dENE U RATU"}]},{"@type":"WebSite","@id":"https:\/\/dwp-balkan.org\/staging\/#website","url":"https:\/\/dwp-balkan.org\/staging\/","name":"DWP-BALKAN","description":"","potentialAction":[{"@type":"SearchAction","target":{"@type":"EntryPoint","urlTemplate":"https:\/\/dwp-balkan.org\/staging\/?s={search_term_string}"},"query-input":{"@type":"PropertyValueSpecification","valueRequired":true,"valueName":"search_term_string"}}],"inLanguage":"en-US"},{"@type":"Person","@id":"https:\/\/dwp-balkan.org\/staging\/#\/schema\/person\/f08a443f3e961375d7d1058ca3157c3d","name":"Sunita Bosnjakovic","image":{"@type":"ImageObject","inLanguage":"en-US","@id":"https:\/\/secure.gravatar.com\/avatar\/1423df5d0150a6d48f510bcea07b951d5bba8ed59b012cf95d0d67d320b791f9?s=96&d=mm&r=g","url":"https:\/\/secure.gravatar.com\/avatar\/1423df5d0150a6d48f510bcea07b951d5bba8ed59b012cf95d0d67d320b791f9?s=96&d=mm&r=g","contentUrl":"https:\/\/secure.gravatar.com\/avatar\/1423df5d0150a6d48f510bcea07b951d5bba8ed59b012cf95d0d67d320b791f9?s=96&d=mm&r=g","caption":"Sunita Bosnjakovic"},"url":"https:\/\/dwp-balkan.org\/staging\/author\/bosnjakovic\/"}]}},"_links":{"self":[{"href":"https:\/\/dwp-balkan.org\/staging\/wp-json\/wp\/v2\/posts\/7634","targetHints":{"allow":["GET"]}}],"collection":[{"href":"https:\/\/dwp-balkan.org\/staging\/wp-json\/wp\/v2\/posts"}],"about":[{"href":"https:\/\/dwp-balkan.org\/staging\/wp-json\/wp\/v2\/types\/post"}],"author":[{"embeddable":true,"href":"https:\/\/dwp-balkan.org\/staging\/wp-json\/wp\/v2\/users\/8"}],"replies":[{"embeddable":true,"href":"https:\/\/dwp-balkan.org\/staging\/wp-json\/wp\/v2\/comments?post=7634"}],"version-history":[{"count":3,"href":"https:\/\/dwp-balkan.org\/staging\/wp-json\/wp\/v2\/posts\/7634\/revisions"}],"predecessor-version":[{"id":7637,"href":"https:\/\/dwp-balkan.org\/staging\/wp-json\/wp\/v2\/posts\/7634\/revisions\/7637"}],"wp:featuredmedia":[{"embeddable":true,"href":"https:\/\/dwp-balkan.org\/staging\/wp-json\/wp\/v2\/media\/7200"}],"wp:attachment":[{"href":"https:\/\/dwp-balkan.org\/staging\/wp-json\/wp\/v2\/media?parent=7634"}],"wp:term":[{"taxonomy":"category","embeddable":true,"href":"https:\/\/dwp-balkan.org\/staging\/wp-json\/wp\/v2\/categories?post=7634"},{"taxonomy":"post_tag","embeddable":true,"href":"https:\/\/dwp-balkan.org\/staging\/wp-json\/wp\/v2\/tags?post=7634"}],"curies":[{"name":"wp","href":"https:\/\/api.w.org\/{rel}","templated":true}]}}