{"id":8404,"date":"2023-08-30T13:09:44","date_gmt":"2023-08-30T13:09:44","guid":{"rendered":"https:\/\/dwp-balkan.org\/staging\/?p=8404"},"modified":"2023-08-30T13:12:58","modified_gmt":"2023-08-30T13:12:58","slug":"kad-bi-mrziteljima-umesto-indeksa-poslali-psihijatre","status":"publish","type":"post","link":"https:\/\/dwp-balkan.org\/staging\/bs\/kad-bi-mrziteljima-umesto-indeksa-poslali-psihijatre\/","title":{"rendered":"Kad bi mrziteljima umesto indeksa poslali psihijatre"},"content":{"rendered":"<div style=\"margin-top: 0px; margin-bottom: 0px;\" class=\"sharethis-inline-share-buttons\" ><\/div>\n<p>Volela bih da \u017eivim u zemlji koja bi na svaki ispad mr\u017enje slala psiholo\u0161ku pomo\u0107. Umesto hu\u0161kanja da deluje spu\u0161tanjem tenzija. Na\u017ealost, \u017eivimo tamo gde vlasti selektuju \u010dinjenice, zamenjuju teze, zava\u0111aju ljude. Zato smo 28 godina nakon rata dalje od pomirenja nego \u0161to je to bilo po\u010detkom veka.<\/p>\n\n\n\n<p>Da postoji mogu\u0107nost da se nekako izmestimo na neko uzvi\u0161enje i da sa strane, objektivno, osmotrimo nas, kao kolektivitet, na\u0161e navike, pona\u0161anje i na\u010din rezonovanja, sigurna sam da bismo zaklju\u010dili: ovi ljudi nemaju normalne reakcije.<\/p>\n\n\n\n<p>Ako bolje razmislite, takav zaklju\u010dak je potpuno prirodan i razumljiv.<\/p>\n\n\n\n<p>Zamislite kakvo je na\u0161e kolektivno psihi\u010dko zdravlje kad nas iz svih medijskih oru\u0111a permanentno bombarduju: nas su oduvek ubijali, klali, pravili nam spletke, mi jadni naivni, lakoverni, nikakvi, uvek iskori\u0161teni, nasamareni.<\/p>\n\n\n\n<p>Kolektivno slu\u0111ivanje je dostiglo takve razmere da smo ove godine pevali dok su drugi oplakivali i sahranjivali ostatke svojih najdra\u017eih. A samo pre koju godinu je to bio dan \u017ealosti za celu zemlju. Kao da je iz vrha vlasti raspisan konkurs: ko \u0107e najbahatije, najbestidnije izvre\u0111ati tu\u0111e \u017ertve.<\/p>\n\n\n\n<p>Kod nas se osionost i bahatost neguju i hrane. Zato ne treba da \u010dudi \u0161to oni koji predstavljaju dr\u017eavu javne (dakle, na\u0161e) pare daju studentkinjama kojima bi, da je ovo neka dr\u017eava, poslali stru\u010dnu pomo\u0107 da im tu devijaciju pogleda. Uputili bi ih da popri\u010daju s nekim, potrudili bi se da klica dobrote, koju ima svako ljudsko bi\u0107e, raste, a ne da je spr\u017ee podr\u0161kom u jednom krajnje glupom, bezose\u0107ajnom, na kraju i opasnom gestu.<\/p>\n\n\n\n<p>Onda se situacija razvijala od lo\u0161eg ka gorem. Svako radi ono \u0161to je kadar, a Vulin je zaogrnut Srbijom, umesto da&nbsp; po\u0161alje psiholo\u0161ku podr\u0161ku devojkama i da im istinski pomogne, poru\u010dio da se njihov bezose\u0107ajni i krajnje plitak \u010din u Srbiji ceni kao herojstvo i zaslu\u017euje mesto na fakultetu.<\/p>\n\n\n\n<p>I tako smo do\u0161li do ta\u010dke u kojoj mo\u017eemo da ka\u017eemo da smo potpuno izneverili mir. Nismo ga zaslu\u017eili. Pu\u0161tamo klovnove da duvaju u ratne trube i ni\u0161ta ne \u010dinimo da ka\u017eemo da su pravi izdajnici oni koji su \u010dinili zlo\u010dine. Oni koji su silovali, palili, ubijali civile, izvodili ljude na strati\u0161ta, oni su nas obrukali. Umesto \u0161to ih veli\u010damo, trebali bismo da ih se gnu\u0161amo. I \u0161ta nas briga \u0161ta drugi rade. Ne \u010dinimo to zbog bilo koga drugog, nego zbog na\u0161e dece i budu\u0107nosti.<\/p>\n\n\n\n<p>Stvari su oti\u0161le toliko daleko da nam ispiraju mozak da o Jasenovcu i Kozari o ju\u010de nismo ni\u0161ta znali kao da spomenici tu ne stoje ve\u0107 pola veka.<\/p>\n\n\n\n<p>Umesto da nastavimo da dokazujemo istinu i negujemo se\u0107anje, mi selektivno od sebe pravimo \u017ertvu i zatvaramo o\u010di pred ne\u010dim \u0161to je potpuno jasno. Strati\u0161ta su bila obele\u017eena i svake godine se po\u0161ta odavala \u017ertvama. U \u0161koli smo u\u010dili o tome. Problem je s onima koji su be\u017eali iz \u0161kole. Oni sad prvi put za to \u010duju, pa sve ube\u0111uju da je bilo skriveno i zabranjeno.<\/p>\n\n\n\n<p>Istoriju smo pretvorili u propagandu, kao \u0161to smo poni\u0161tili i ostale institucije i za dru\u0161tvene vrednosti promovisali devijacije. Ali i to je nekako razumljivo. Mozak nam se odlio, sad radimo s onim \u0161to imamo. A to ne obe\u0107ava.<\/p>\n\n\n\n<p><strong>Milanka Kova\u010devi\u0107- novinarka<\/strong><\/p>\n\n\n\n<p>Ro\u0111ena 15. 10. 1973. godine u Sremskoj Mitrovici, Srbija. Zavr\u0161ila Fakultet politi\u010dkih nauka u Beogradu, novinarsko- komunikolo\u0161ki smer. Od 2003. godine \u017eivi u RS\/ BiH. Zaposlena u lokalnoj radio-stanici Radio- Gacko na mestu novinarka-urednica. Pisala za brojne medije u BiH, uglavnom se bavi temama koje smatra va\u017enim za dru\u0161tvo u kome \u017eivi- pitanja korupcije, tranzicije, dru\u0161tvenih i ekolo\u0161kih problema, socijalne pravde, ratnih zlo\u010dina. Sa koleginicama pokre\u0107e portal \u201cDirekt\u201d 2018. godine u kome kriti\u010dki pristupaju stvarnosti i,&nbsp; u jednoj krajnje rigidnoj sredini kakva je Hercegovina, pokre\u0107u teme od krucijalne va\u017enosti- preispituju rad institucija, koruptivne prakse pojedinaca na poziciji mo\u0107i. \u017divi i radi u&nbsp; Gacku.<\/p>\n","protected":false},"excerpt":{"rendered":"<p>Volela bih da \u017eivim u zemlji koja bi na svaki ispad mr\u017enje slala psiholo\u0161ku pomo\u0107. Umesto hu\u0161kanja da deluje spu\u0161tanjem tenzija. Na\u017ealost, \u017eivimo tamo gde vlasti selektuju \u010dinjenice, zamenjuju teze, zava\u0111aju ljude. Zato smo 28 godina nakon rata dalje od pomirenja nego \u0161to je to bilo po\u010detkom veka. Da postoji mogu\u0107nost da se nekako izmestimo na neko uzvi\u0161enje i da [&hellip;]<\/p>\n","protected":false},"author":8,"featured_media":8409,"comment_status":"closed","ping_status":"open","sticky":false,"template":"","format":"standard","meta":{"_acf_changed":false,"_editorskit_title_hidden":false,"_editorskit_reading_time":0,"_editorskit_is_block_options_detached":false,"_editorskit_block_options_position":"{}","footnotes":""},"categories":[54],"tags":[],"class_list":["post-8404","post","type-post","status-publish","format-standard","has-post-thumbnail","hentry","category-blog-bhs"],"acf":[],"yoast_head":"<!-- This site is optimized with the Yoast SEO plugin v27.5 - https:\/\/yoast.com\/product\/yoast-seo-wordpress\/ -->\n<title>Kad bi mrziteljima umesto indeksa poslali psihijatre - DWP-BALKAN<\/title>\n<meta name=\"robots\" content=\"noindex, follow, max-snippet:-1, max-image-preview:large, max-video-preview:-1\" \/>\n<meta property=\"og:locale\" content=\"en_US\" \/>\n<meta property=\"og:type\" content=\"article\" \/>\n<meta property=\"og:title\" content=\"Kad bi mrziteljima umesto indeksa poslali psihijatre - DWP-BALKAN\" \/>\n<meta property=\"og:description\" content=\"Volela bih da \u017eivim u zemlji koja bi na svaki ispad mr\u017enje slala psiholo\u0161ku pomo\u0107. Umesto hu\u0161kanja da deluje spu\u0161tanjem tenzija. Na\u017ealost, \u017eivimo tamo gde vlasti selektuju \u010dinjenice, zamenjuju teze, zava\u0111aju ljude. Zato smo 28 godina nakon rata dalje od pomirenja nego \u0161to je to bilo po\u010detkom veka. Da postoji mogu\u0107nost da se nekako izmestimo na neko uzvi\u0161enje i da [&hellip;]\" \/>\n<meta property=\"og:url\" content=\"https:\/\/dwp-balkan.org\/staging\/bs\/kad-bi-mrziteljima-umesto-indeksa-poslali-psihijatre\/\" \/>\n<meta property=\"og:site_name\" content=\"DWP-BALKAN\" \/>\n<meta property=\"article:published_time\" content=\"2023-08-30T13:09:44+00:00\" \/>\n<meta property=\"article:modified_time\" content=\"2023-08-30T13:12:58+00:00\" \/>\n<meta property=\"og:image\" content=\"https:\/\/dwp-balkan.org\/staging\/wp-content\/uploads\/2023\/08\/milanka-1.png\" \/>\n\t<meta property=\"og:image:width\" content=\"1128\" \/>\n\t<meta property=\"og:image:height\" content=\"878\" \/>\n\t<meta property=\"og:image:type\" content=\"image\/png\" \/>\n<meta name=\"author\" content=\"Sunita Bosnjakovic\" \/>\n<meta name=\"twitter:card\" content=\"summary_large_image\" \/>\n<meta name=\"twitter:label1\" content=\"Written by\" \/>\n\t<meta name=\"twitter:data1\" content=\"Sunita Bosnjakovic\" \/>\n\t<meta name=\"twitter:label2\" content=\"Est. reading time\" \/>\n\t<meta name=\"twitter:data2\" content=\"4 minutes\" \/>\n<script type=\"application\/ld+json\" class=\"yoast-schema-graph\">{\"@context\":\"https:\\\/\\\/schema.org\",\"@graph\":[{\"@type\":\"Article\",\"@id\":\"https:\\\/\\\/dwp-balkan.org\\\/staging\\\/bs\\\/kad-bi-mrziteljima-umesto-indeksa-poslali-psihijatre\\\/#article\",\"isPartOf\":{\"@id\":\"https:\\\/\\\/dwp-balkan.org\\\/staging\\\/bs\\\/kad-bi-mrziteljima-umesto-indeksa-poslali-psihijatre\\\/\"},\"author\":{\"name\":\"Sunita Bosnjakovic\",\"@id\":\"https:\\\/\\\/dwp-balkan.org\\\/staging\\\/#\\\/schema\\\/person\\\/f08a443f3e961375d7d1058ca3157c3d\"},\"headline\":\"Kad bi mrziteljima umesto indeksa poslali psihijatre\",\"datePublished\":\"2023-08-30T13:09:44+00:00\",\"dateModified\":\"2023-08-30T13:12:58+00:00\",\"mainEntityOfPage\":{\"@id\":\"https:\\\/\\\/dwp-balkan.org\\\/staging\\\/bs\\\/kad-bi-mrziteljima-umesto-indeksa-poslali-psihijatre\\\/\"},\"wordCount\":707,\"image\":{\"@id\":\"https:\\\/\\\/dwp-balkan.org\\\/staging\\\/bs\\\/kad-bi-mrziteljima-umesto-indeksa-poslali-psihijatre\\\/#primaryimage\"},\"thumbnailUrl\":\"https:\\\/\\\/dwp-balkan.org\\\/staging\\\/wp-content\\\/uploads\\\/2023\\\/08\\\/milanka-1.png\",\"articleSection\":[\"BLOG-BHS\"],\"inLanguage\":\"en-US\"},{\"@type\":\"WebPage\",\"@id\":\"https:\\\/\\\/dwp-balkan.org\\\/staging\\\/bs\\\/kad-bi-mrziteljima-umesto-indeksa-poslali-psihijatre\\\/\",\"url\":\"https:\\\/\\\/dwp-balkan.org\\\/staging\\\/bs\\\/kad-bi-mrziteljima-umesto-indeksa-poslali-psihijatre\\\/\",\"name\":\"Kad bi mrziteljima umesto indeksa poslali psihijatre - DWP-BALKAN\",\"isPartOf\":{\"@id\":\"https:\\\/\\\/dwp-balkan.org\\\/staging\\\/#website\"},\"primaryImageOfPage\":{\"@id\":\"https:\\\/\\\/dwp-balkan.org\\\/staging\\\/bs\\\/kad-bi-mrziteljima-umesto-indeksa-poslali-psihijatre\\\/#primaryimage\"},\"image\":{\"@id\":\"https:\\\/\\\/dwp-balkan.org\\\/staging\\\/bs\\\/kad-bi-mrziteljima-umesto-indeksa-poslali-psihijatre\\\/#primaryimage\"},\"thumbnailUrl\":\"https:\\\/\\\/dwp-balkan.org\\\/staging\\\/wp-content\\\/uploads\\\/2023\\\/08\\\/milanka-1.png\",\"datePublished\":\"2023-08-30T13:09:44+00:00\",\"dateModified\":\"2023-08-30T13:12:58+00:00\",\"author\":{\"@id\":\"https:\\\/\\\/dwp-balkan.org\\\/staging\\\/#\\\/schema\\\/person\\\/f08a443f3e961375d7d1058ca3157c3d\"},\"breadcrumb\":{\"@id\":\"https:\\\/\\\/dwp-balkan.org\\\/staging\\\/bs\\\/kad-bi-mrziteljima-umesto-indeksa-poslali-psihijatre\\\/#breadcrumb\"},\"inLanguage\":\"en-US\",\"potentialAction\":[{\"@type\":\"ReadAction\",\"target\":[\"https:\\\/\\\/dwp-balkan.org\\\/staging\\\/bs\\\/kad-bi-mrziteljima-umesto-indeksa-poslali-psihijatre\\\/\"]}]},{\"@type\":\"ImageObject\",\"inLanguage\":\"en-US\",\"@id\":\"https:\\\/\\\/dwp-balkan.org\\\/staging\\\/bs\\\/kad-bi-mrziteljima-umesto-indeksa-poslali-psihijatre\\\/#primaryimage\",\"url\":\"https:\\\/\\\/dwp-balkan.org\\\/staging\\\/wp-content\\\/uploads\\\/2023\\\/08\\\/milanka-1.png\",\"contentUrl\":\"https:\\\/\\\/dwp-balkan.org\\\/staging\\\/wp-content\\\/uploads\\\/2023\\\/08\\\/milanka-1.png\",\"width\":1128,\"height\":878},{\"@type\":\"BreadcrumbList\",\"@id\":\"https:\\\/\\\/dwp-balkan.org\\\/staging\\\/bs\\\/kad-bi-mrziteljima-umesto-indeksa-poslali-psihijatre\\\/#breadcrumb\",\"itemListElement\":[{\"@type\":\"ListItem\",\"position\":1,\"name\":\"Home\",\"item\":\"https:\\\/\\\/dwp-balkan.org\\\/staging\\\/\"},{\"@type\":\"ListItem\",\"position\":2,\"name\":\"Kad bi mrziteljima umesto indeksa poslali psihijatre\"}]},{\"@type\":\"WebSite\",\"@id\":\"https:\\\/\\\/dwp-balkan.org\\\/staging\\\/#website\",\"url\":\"https:\\\/\\\/dwp-balkan.org\\\/staging\\\/\",\"name\":\"DWP-BALKAN\",\"description\":\"\",\"potentialAction\":[{\"@type\":\"SearchAction\",\"target\":{\"@type\":\"EntryPoint\",\"urlTemplate\":\"https:\\\/\\\/dwp-balkan.org\\\/staging\\\/?s={search_term_string}\"},\"query-input\":{\"@type\":\"PropertyValueSpecification\",\"valueRequired\":true,\"valueName\":\"search_term_string\"}}],\"inLanguage\":\"en-US\"},{\"@type\":\"Person\",\"@id\":\"https:\\\/\\\/dwp-balkan.org\\\/staging\\\/#\\\/schema\\\/person\\\/f08a443f3e961375d7d1058ca3157c3d\",\"name\":\"Sunita Bosnjakovic\",\"image\":{\"@type\":\"ImageObject\",\"inLanguage\":\"en-US\",\"@id\":\"https:\\\/\\\/secure.gravatar.com\\\/avatar\\\/1423df5d0150a6d48f510bcea07b951d5bba8ed59b012cf95d0d67d320b791f9?s=96&d=mm&r=g\",\"url\":\"https:\\\/\\\/secure.gravatar.com\\\/avatar\\\/1423df5d0150a6d48f510bcea07b951d5bba8ed59b012cf95d0d67d320b791f9?s=96&d=mm&r=g\",\"contentUrl\":\"https:\\\/\\\/secure.gravatar.com\\\/avatar\\\/1423df5d0150a6d48f510bcea07b951d5bba8ed59b012cf95d0d67d320b791f9?s=96&d=mm&r=g\",\"caption\":\"Sunita Bosnjakovic\"},\"url\":\"https:\\\/\\\/dwp-balkan.org\\\/staging\\\/author\\\/bosnjakovic\\\/\"}]}<\/script>\n<!-- \/ Yoast SEO plugin. -->","yoast_head_json":{"title":"Kad bi mrziteljima umesto indeksa poslali psihijatre - DWP-BALKAN","robots":{"index":"noindex","follow":"follow","max-snippet":"max-snippet:-1","max-image-preview":"max-image-preview:large","max-video-preview":"max-video-preview:-1"},"og_locale":"en_US","og_type":"article","og_title":"Kad bi mrziteljima umesto indeksa poslali psihijatre - DWP-BALKAN","og_description":"Volela bih da \u017eivim u zemlji koja bi na svaki ispad mr\u017enje slala psiholo\u0161ku pomo\u0107. Umesto hu\u0161kanja da deluje spu\u0161tanjem tenzija. Na\u017ealost, \u017eivimo tamo gde vlasti selektuju \u010dinjenice, zamenjuju teze, zava\u0111aju ljude. Zato smo 28 godina nakon rata dalje od pomirenja nego \u0161to je to bilo po\u010detkom veka. Da postoji mogu\u0107nost da se nekako izmestimo na neko uzvi\u0161enje i da [&hellip;]","og_url":"https:\/\/dwp-balkan.org\/staging\/bs\/kad-bi-mrziteljima-umesto-indeksa-poslali-psihijatre\/","og_site_name":"DWP-BALKAN","article_published_time":"2023-08-30T13:09:44+00:00","article_modified_time":"2023-08-30T13:12:58+00:00","og_image":[{"width":1128,"height":878,"url":"https:\/\/dwp-balkan.org\/staging\/wp-content\/uploads\/2023\/08\/milanka-1.png","type":"image\/png"}],"author":"Sunita Bosnjakovic","twitter_card":"summary_large_image","twitter_misc":{"Written by":"Sunita Bosnjakovic","Est. reading time":"4 minutes"},"schema":{"@context":"https:\/\/schema.org","@graph":[{"@type":"Article","@id":"https:\/\/dwp-balkan.org\/staging\/bs\/kad-bi-mrziteljima-umesto-indeksa-poslali-psihijatre\/#article","isPartOf":{"@id":"https:\/\/dwp-balkan.org\/staging\/bs\/kad-bi-mrziteljima-umesto-indeksa-poslali-psihijatre\/"},"author":{"name":"Sunita Bosnjakovic","@id":"https:\/\/dwp-balkan.org\/staging\/#\/schema\/person\/f08a443f3e961375d7d1058ca3157c3d"},"headline":"Kad bi mrziteljima umesto indeksa poslali psihijatre","datePublished":"2023-08-30T13:09:44+00:00","dateModified":"2023-08-30T13:12:58+00:00","mainEntityOfPage":{"@id":"https:\/\/dwp-balkan.org\/staging\/bs\/kad-bi-mrziteljima-umesto-indeksa-poslali-psihijatre\/"},"wordCount":707,"image":{"@id":"https:\/\/dwp-balkan.org\/staging\/bs\/kad-bi-mrziteljima-umesto-indeksa-poslali-psihijatre\/#primaryimage"},"thumbnailUrl":"https:\/\/dwp-balkan.org\/staging\/wp-content\/uploads\/2023\/08\/milanka-1.png","articleSection":["BLOG-BHS"],"inLanguage":"en-US"},{"@type":"WebPage","@id":"https:\/\/dwp-balkan.org\/staging\/bs\/kad-bi-mrziteljima-umesto-indeksa-poslali-psihijatre\/","url":"https:\/\/dwp-balkan.org\/staging\/bs\/kad-bi-mrziteljima-umesto-indeksa-poslali-psihijatre\/","name":"Kad bi mrziteljima umesto indeksa poslali psihijatre - DWP-BALKAN","isPartOf":{"@id":"https:\/\/dwp-balkan.org\/staging\/#website"},"primaryImageOfPage":{"@id":"https:\/\/dwp-balkan.org\/staging\/bs\/kad-bi-mrziteljima-umesto-indeksa-poslali-psihijatre\/#primaryimage"},"image":{"@id":"https:\/\/dwp-balkan.org\/staging\/bs\/kad-bi-mrziteljima-umesto-indeksa-poslali-psihijatre\/#primaryimage"},"thumbnailUrl":"https:\/\/dwp-balkan.org\/staging\/wp-content\/uploads\/2023\/08\/milanka-1.png","datePublished":"2023-08-30T13:09:44+00:00","dateModified":"2023-08-30T13:12:58+00:00","author":{"@id":"https:\/\/dwp-balkan.org\/staging\/#\/schema\/person\/f08a443f3e961375d7d1058ca3157c3d"},"breadcrumb":{"@id":"https:\/\/dwp-balkan.org\/staging\/bs\/kad-bi-mrziteljima-umesto-indeksa-poslali-psihijatre\/#breadcrumb"},"inLanguage":"en-US","potentialAction":[{"@type":"ReadAction","target":["https:\/\/dwp-balkan.org\/staging\/bs\/kad-bi-mrziteljima-umesto-indeksa-poslali-psihijatre\/"]}]},{"@type":"ImageObject","inLanguage":"en-US","@id":"https:\/\/dwp-balkan.org\/staging\/bs\/kad-bi-mrziteljima-umesto-indeksa-poslali-psihijatre\/#primaryimage","url":"https:\/\/dwp-balkan.org\/staging\/wp-content\/uploads\/2023\/08\/milanka-1.png","contentUrl":"https:\/\/dwp-balkan.org\/staging\/wp-content\/uploads\/2023\/08\/milanka-1.png","width":1128,"height":878},{"@type":"BreadcrumbList","@id":"https:\/\/dwp-balkan.org\/staging\/bs\/kad-bi-mrziteljima-umesto-indeksa-poslali-psihijatre\/#breadcrumb","itemListElement":[{"@type":"ListItem","position":1,"name":"Home","item":"https:\/\/dwp-balkan.org\/staging\/"},{"@type":"ListItem","position":2,"name":"Kad bi mrziteljima umesto indeksa poslali psihijatre"}]},{"@type":"WebSite","@id":"https:\/\/dwp-balkan.org\/staging\/#website","url":"https:\/\/dwp-balkan.org\/staging\/","name":"DWP-BALKAN","description":"","potentialAction":[{"@type":"SearchAction","target":{"@type":"EntryPoint","urlTemplate":"https:\/\/dwp-balkan.org\/staging\/?s={search_term_string}"},"query-input":{"@type":"PropertyValueSpecification","valueRequired":true,"valueName":"search_term_string"}}],"inLanguage":"en-US"},{"@type":"Person","@id":"https:\/\/dwp-balkan.org\/staging\/#\/schema\/person\/f08a443f3e961375d7d1058ca3157c3d","name":"Sunita Bosnjakovic","image":{"@type":"ImageObject","inLanguage":"en-US","@id":"https:\/\/secure.gravatar.com\/avatar\/1423df5d0150a6d48f510bcea07b951d5bba8ed59b012cf95d0d67d320b791f9?s=96&d=mm&r=g","url":"https:\/\/secure.gravatar.com\/avatar\/1423df5d0150a6d48f510bcea07b951d5bba8ed59b012cf95d0d67d320b791f9?s=96&d=mm&r=g","contentUrl":"https:\/\/secure.gravatar.com\/avatar\/1423df5d0150a6d48f510bcea07b951d5bba8ed59b012cf95d0d67d320b791f9?s=96&d=mm&r=g","caption":"Sunita Bosnjakovic"},"url":"https:\/\/dwp-balkan.org\/staging\/author\/bosnjakovic\/"}]}},"_links":{"self":[{"href":"https:\/\/dwp-balkan.org\/staging\/wp-json\/wp\/v2\/posts\/8404","targetHints":{"allow":["GET"]}}],"collection":[{"href":"https:\/\/dwp-balkan.org\/staging\/wp-json\/wp\/v2\/posts"}],"about":[{"href":"https:\/\/dwp-balkan.org\/staging\/wp-json\/wp\/v2\/types\/post"}],"author":[{"embeddable":true,"href":"https:\/\/dwp-balkan.org\/staging\/wp-json\/wp\/v2\/users\/8"}],"replies":[{"embeddable":true,"href":"https:\/\/dwp-balkan.org\/staging\/wp-json\/wp\/v2\/comments?post=8404"}],"version-history":[{"count":4,"href":"https:\/\/dwp-balkan.org\/staging\/wp-json\/wp\/v2\/posts\/8404\/revisions"}],"predecessor-version":[{"id":8410,"href":"https:\/\/dwp-balkan.org\/staging\/wp-json\/wp\/v2\/posts\/8404\/revisions\/8410"}],"wp:featuredmedia":[{"embeddable":true,"href":"https:\/\/dwp-balkan.org\/staging\/wp-json\/wp\/v2\/media\/8409"}],"wp:attachment":[{"href":"https:\/\/dwp-balkan.org\/staging\/wp-json\/wp\/v2\/media?parent=8404"}],"wp:term":[{"taxonomy":"category","embeddable":true,"href":"https:\/\/dwp-balkan.org\/staging\/wp-json\/wp\/v2\/categories?post=8404"},{"taxonomy":"post_tag","embeddable":true,"href":"https:\/\/dwp-balkan.org\/staging\/wp-json\/wp\/v2\/tags?post=8404"}],"curies":[{"name":"wp","href":"https:\/\/api.w.org\/{rel}","templated":true}]}}